{"id":812,"date":"2026-03-12T15:49:53","date_gmt":"2026-03-12T15:49:53","guid":{"rendered":"https:\/\/estudiotarazona.com\/blog\/?p=812"},"modified":"2026-03-12T15:52:04","modified_gmt":"2026-03-12T15:52:04","slug":"pueden-los-colegios-impedir-el-ingreso-a-escolares-que-tengan-el-cabello-tenido-esto-senala-indecopi","status":"publish","type":"post","link":"https:\/\/estudiotarazona.com\/blog\/pueden-los-colegios-impedir-el-ingreso-a-escolares-que-tengan-el-cabello-tenido-esto-senala-indecopi\/","title":{"rendered":"\u00bfPueden los colegios impedir el ingreso a escolares que tengan el cabello te\u00f1ido? Esto se\u00f1ala Indecopi"},"content":{"rendered":"<p style=\"text-align: justify;\">A pocos d\u00edas del inicio del a\u00f1o escolar 2026 en instituciones educativas estatales, el <strong>Indecopi<\/strong> resalt\u00f3 que ning\u00fan colegio puede afectar el derecho a la educaci\u00f3n de un estudiante por tener el cabello te\u00f1ido. No obstante, s\u00ed se pueden aplicar normas internas previamente establecidas y comunicadas a los padres.<\/p>\n<p style=\"text-align: justify;\">Durante la primera semana de marzo, muchos colegios particulares ya comenzaron sus clases, mientras que otros a\u00fan est\u00e1n iniciando el ciclo acad\u00e9mico. Por ello, resulta fundamental que familias y docentes est\u00e9n informados sobre las disposiciones que regulan la presentaci\u00f3n personal de los estudiantes.<\/p>\n<p style=\"text-align: justify;\"><strong>Indecopi: sobre el cabello te\u00f1ido en colegios p\u00fablicos<\/strong><\/p>\n<p style=\"text-align: justify;\">En los colegios p\u00fablicos, el Ministerio de Educaci\u00f3n no fij\u00f3 prohibiciones espec\u00edficas respecto al cabello te\u00f1ido en los estudiantes. Sin embargo, cada instituci\u00f3n puede establecer pautas dentro de su reglamento interno sobre la presentaci\u00f3n personal, siempre que dichas disposiciones hayan sido informadas y aceptadas por los padres o apoderados durante el proceso de matr\u00edcula.<\/p>\n<p style=\"text-align: justify;\"><strong>Indecopi: sobre el cabello te\u00f1ido en colegios privados<\/strong><\/p>\n<p style=\"text-align: justify;\">En el caso de los colegios particulares, tienen mayor libertad para establecer reglas relacionadas con la <strong>vestimenta o la apariencia de los estudiantes<\/strong>. Seg\u00fan explic\u00f3 Mariella Villacorta, integrante de la Direcci\u00f3n de la Autoridad Nacional de Protecci\u00f3n del Consumidor del <strong>Indecopi<\/strong>, estas normas son permitidas siempre que no afecten derechos fundamentales, como la identidad o el desarrollo personal de los escolares.<\/p>\n<p style=\"text-align: justify;\">En ese contexto, los reglamentos internos buscan equilibrar la organizaci\u00f3n institucional con el respeto a la individualidad de los alumnos. Asimismo, es necesario que los padres de familia reciban informaci\u00f3n clara y con anticipaci\u00f3n sobre cualquier exigencia relacionada con la presentaci\u00f3n personal de sus hijos, con el fin de garantizar transparencia y evitar posibles situaciones de discriminaci\u00f3n.<\/p>\n<p style=\"text-align: justify;\"><strong>Cronograma de clases en colegios p\u00fablicos<\/strong><\/p>\n<p style=\"text-align: justify;\">Seg\u00fan el calendario oficial, el a\u00f1o escolar en los colegios p\u00fablicos comenzar\u00e1 el lunes <strong>16 de marzo<\/strong> y finalizar\u00e1 el <strong>18 de diciembre<\/strong>. Durante ese per\u00edodo se cumplir\u00e1n 42 semanas de servicio educativo, organizadas en cuatro etapas de clases con pausas programadas para el descanso de los estudiantes.<\/p>\n<p style=\"text-align: justify;\">El cronograma establece cuatro tramos de trabajo escolar:<\/p>\n<ul style=\"text-align: justify;\">\n<li>Del 16 de marzo al 15 de mayo<\/li>\n<li>Del 25 de mayo al 24 de julio<\/li>\n<li>Del 10 de agosto al 9 de octubre<\/li>\n<li>Del 19 de octubre al 18 de diciembre.<\/li>\n<\/ul>\n<p style=\"text-align: justify;\"><strong>Conclusi\u00f3n<\/strong><\/p>\n<p style=\"text-align: justify;\">El Indecopi recuerda que el derecho a la educaci\u00f3n debe prevalecer sobre aspectos relacionados con la apariencia personal. Por ello, impedir el ingreso de un estudiante por tener el cabello te\u00f1ido podr\u00eda vulnerar ese derecho, especialmente en los colegios p\u00fablicos.<\/p>\n<p>Tenemos m\u00e1s art\u00edculos en nuestro <a href=\"https:\/\/estudiotarazona.com\/blog\/\">blog<\/a>.<\/p>\n<p><a href=\"https:\/\/estudiotarazona.com\/registro-de-marca-integral-BMM\/\" target=\"_blank\" rel=\"noopener\"><img loading=\"lazy\" decoding=\"async\" class=\"aligncenter wp-image-729 size-full\" src=\"https:\/\/estudiotarazona.com\/blog\/wp-content\/uploads\/2024\/05\/miniatura-youtube.png\" alt=\"Escolares Indecopi\" width=\"1920\" height=\"1080\" srcset=\"https:\/\/estudiotarazona.com\/blog\/wp-content\/uploads\/2024\/05\/miniatura-youtube.png 1920w, https:\/\/estudiotarazona.com\/blog\/wp-content\/uploads\/2024\/05\/miniatura-youtube-300x169.png 300w, https:\/\/estudiotarazona.com\/blog\/wp-content\/uploads\/2024\/05\/miniatura-youtube-1024x576.png 1024w, https:\/\/estudiotarazona.com\/blog\/wp-content\/uploads\/2024\/05\/miniatura-youtube-768x432.png 768w, https:\/\/estudiotarazona.com\/blog\/wp-content\/uploads\/2024\/05\/miniatura-youtube-1536x864.png 1536w, https:\/\/estudiotarazona.com\/blog\/wp-content\/uploads\/2024\/05\/miniatura-youtube-696x392.png 696w, https:\/\/estudiotarazona.com\/blog\/wp-content\/uploads\/2024\/05\/miniatura-youtube-1068x601.png 1068w, https:\/\/estudiotarazona.com\/blog\/wp-content\/uploads\/2024\/05\/miniatura-youtube-747x420.png 747w\" sizes=\"auto, (max-width: 1920px) 100vw, 1920px\" \/><\/a><\/p>\n","protected":false},"excerpt":{"rendered":"<p>A pocos d\u00edas del inicio del a\u00f1o escolar 2026 en instituciones educativas estatales, el Indecopi resalt\u00f3 que ning\u00fan colegio puede afectar el derecho a la educaci\u00f3n de un estudiante por tener el cabello te\u00f1ido. No obstante, s\u00ed se pueden aplicar normas internas previamente establecidas y comunicadas a los padres. Durante la primera semana de marzo, [&hellip;]<\/p>\n","protected":false},"author":1,"featured_media":813,"comment_status":"open","ping_status":"open","sticky":false,"template":"","format":"standard","meta":{"footnotes":""},"categories":[31],"tags":[],"class_list":{"0":"post-812","1":"post","2":"type-post","3":"status-publish","4":"format-standard","5":"has-post-thumbnail","7":"category-indecopi"},"yoast_head":"<!-- This site is optimized with the Yoast SEO plugin v26.9 - https:\/\/yoast.com\/product\/yoast-seo-wordpress\/ -->\n<title>\u00bfPueden los colegios impedir el ingreso a escolares que tengan el cabello te\u00f1ido? Esto se\u00f1ala Indecopi<\/title>\n<meta name=\"description\" content=\"Durante la primera semana de marzo, muchos colegios particulares ya comenzaron sus clases, mientras que otros a\u00fan est\u00e1n iniciando el ciclo acad\u00e9mico. Por ello, resulta fundamental que familias y docentes est\u00e9n informados sobre las disposiciones que regulan la presentaci\u00f3n personal de los estudiantes.\" \/>\n<meta name=\"robots\" content=\"index, follow, max-snippet:-1, max-image-preview:large, max-video-preview:-1\" \/>\n<link rel=\"canonical\" href=\"https:\/\/estudiotarazona.com\/blog\/pueden-los-colegios-impedir-el-ingreso-a-escolares-que-tengan-el-cabello-tenido-esto-senala-indecopi\/\" \/>\n<meta property=\"og:locale\" content=\"es_ES\" \/>\n<meta property=\"og:type\" content=\"article\" \/>\n<meta property=\"og:title\" content=\"\u00bfPueden los colegios impedir el ingreso a escolares que tengan el cabello te\u00f1ido? Esto se\u00f1ala Indecopi\" \/>\n<meta property=\"og:description\" content=\"Durante la primera semana de marzo, muchos colegios particulares ya comenzaron sus clases, mientras que otros a\u00fan est\u00e1n iniciando el ciclo acad\u00e9mico. Por ello, resulta fundamental que familias y docentes est\u00e9n informados sobre las disposiciones que regulan la presentaci\u00f3n personal de los estudiantes.\" \/>\n<meta property=\"og:url\" content=\"https:\/\/estudiotarazona.com\/blog\/pueden-los-colegios-impedir-el-ingreso-a-escolares-que-tengan-el-cabello-tenido-esto-senala-indecopi\/\" \/>\n<meta property=\"og:site_name\" content=\"Estudio Jur\u00eddico Tarazona &amp; Asociados\" \/>\n<meta property=\"article:published_time\" content=\"2026-03-12T15:49:53+00:00\" \/>\n<meta property=\"article:modified_time\" content=\"2026-03-12T15:52:04+00:00\" \/>\n<meta property=\"og:image\" content=\"https:\/\/estudiotarazona.com\/blog\/wp-content\/uploads\/2026\/03\/gobierno-oficializo-sus-medidas-para-el-inicio-del-ano-escolar-893113.png\" \/>\n\t<meta property=\"og:image:width\" content=\"1200\" \/>\n\t<meta property=\"og:image:height\" content=\"650\" \/>\n\t<meta property=\"og:image:type\" content=\"image\/png\" \/>\n<meta name=\"author\" content=\"administracion@tarazonaabogados.com\" \/>\n<meta name=\"twitter:card\" content=\"summary_large_image\" \/>\n<meta name=\"twitter:label1\" content=\"Escrito por\" \/>\n\t<meta name=\"twitter:data1\" content=\"administracion@tarazonaabogados.com\" \/>\n\t<meta name=\"twitter:label2\" content=\"Tiempo de lectura\" \/>\n\t<meta name=\"twitter:data2\" content=\"3 minutos\" \/>\n<script type=\"application\/ld+json\" class=\"yoast-schema-graph\">{\"@context\":\"https:\/\/schema.org\",\"@graph\":[{\"@type\":\"Article\",\"@id\":\"https:\/\/estudiotarazona.com\/blog\/pueden-los-colegios-impedir-el-ingreso-a-escolares-que-tengan-el-cabello-tenido-esto-senala-indecopi\/#article\",\"isPartOf\":{\"@id\":\"https:\/\/estudiotarazona.com\/blog\/pueden-los-colegios-impedir-el-ingreso-a-escolares-que-tengan-el-cabello-tenido-esto-senala-indecopi\/\"},\"author\":{\"name\":\"administracion@tarazonaabogados.com\",\"@id\":\"https:\/\/estudiotarazona.com\/blog\/#\/schema\/person\/5616f02b9b737fbf567a6360978f6498\"},\"headline\":\"\u00bfPueden los colegios impedir el ingreso a escolares que tengan el cabello te\u00f1ido? Esto se\u00f1ala Indecopi\",\"datePublished\":\"2026-03-12T15:49:53+00:00\",\"dateModified\":\"2026-03-12T15:52:04+00:00\",\"mainEntityOfPage\":{\"@id\":\"https:\/\/estudiotarazona.com\/blog\/pueden-los-colegios-impedir-el-ingreso-a-escolares-que-tengan-el-cabello-tenido-esto-senala-indecopi\/\"},\"wordCount\":468,\"commentCount\":0,\"image\":{\"@id\":\"https:\/\/estudiotarazona.com\/blog\/pueden-los-colegios-impedir-el-ingreso-a-escolares-que-tengan-el-cabello-tenido-esto-senala-indecopi\/#primaryimage\"},\"thumbnailUrl\":\"https:\/\/estudiotarazona.com\/blog\/wp-content\/uploads\/2026\/03\/gobierno-oficializo-sus-medidas-para-el-inicio-del-ano-escolar-893113.png\",\"articleSection\":[\"Indecopi\"],\"inLanguage\":\"es\",\"potentialAction\":[{\"@type\":\"CommentAction\",\"name\":\"Comment\",\"target\":[\"https:\/\/estudiotarazona.com\/blog\/pueden-los-colegios-impedir-el-ingreso-a-escolares-que-tengan-el-cabello-tenido-esto-senala-indecopi\/#respond\"]}]},{\"@type\":\"WebPage\",\"@id\":\"https:\/\/estudiotarazona.com\/blog\/pueden-los-colegios-impedir-el-ingreso-a-escolares-que-tengan-el-cabello-tenido-esto-senala-indecopi\/\",\"url\":\"https:\/\/estudiotarazona.com\/blog\/pueden-los-colegios-impedir-el-ingreso-a-escolares-que-tengan-el-cabello-tenido-esto-senala-indecopi\/\",\"name\":\"\u00bfPueden los colegios impedir el ingreso a escolares que tengan el cabello te\u00f1ido? Esto se\u00f1ala Indecopi\",\"isPartOf\":{\"@id\":\"https:\/\/estudiotarazona.com\/blog\/#website\"},\"primaryImageOfPage\":{\"@id\":\"https:\/\/estudiotarazona.com\/blog\/pueden-los-colegios-impedir-el-ingreso-a-escolares-que-tengan-el-cabello-tenido-esto-senala-indecopi\/#primaryimage\"},\"image\":{\"@id\":\"https:\/\/estudiotarazona.com\/blog\/pueden-los-colegios-impedir-el-ingreso-a-escolares-que-tengan-el-cabello-tenido-esto-senala-indecopi\/#primaryimage\"},\"thumbnailUrl\":\"https:\/\/estudiotarazona.com\/blog\/wp-content\/uploads\/2026\/03\/gobierno-oficializo-sus-medidas-para-el-inicio-del-ano-escolar-893113.png\",\"datePublished\":\"2026-03-12T15:49:53+00:00\",\"dateModified\":\"2026-03-12T15:52:04+00:00\",\"author\":{\"@id\":\"https:\/\/estudiotarazona.com\/blog\/#\/schema\/person\/5616f02b9b737fbf567a6360978f6498\"},\"description\":\"Durante la primera semana de marzo, muchos colegios particulares ya comenzaron sus clases, mientras que otros a\u00fan est\u00e1n iniciando el ciclo acad\u00e9mico. Por ello, resulta fundamental que familias y docentes est\u00e9n informados sobre las disposiciones que regulan la presentaci\u00f3n personal de los estudiantes.\",\"breadcrumb\":{\"@id\":\"https:\/\/estudiotarazona.com\/blog\/pueden-los-colegios-impedir-el-ingreso-a-escolares-que-tengan-el-cabello-tenido-esto-senala-indecopi\/#breadcrumb\"},\"inLanguage\":\"es\",\"potentialAction\":[{\"@type\":\"ReadAction\",\"target\":[\"https:\/\/estudiotarazona.com\/blog\/pueden-los-colegios-impedir-el-ingreso-a-escolares-que-tengan-el-cabello-tenido-esto-senala-indecopi\/\"]}]},{\"@type\":\"ImageObject\",\"inLanguage\":\"es\",\"@id\":\"https:\/\/estudiotarazona.com\/blog\/pueden-los-colegios-impedir-el-ingreso-a-escolares-que-tengan-el-cabello-tenido-esto-senala-indecopi\/#primaryimage\",\"url\":\"https:\/\/estudiotarazona.com\/blog\/wp-content\/uploads\/2026\/03\/gobierno-oficializo-sus-medidas-para-el-inicio-del-ano-escolar-893113.png\",\"contentUrl\":\"https:\/\/estudiotarazona.com\/blog\/wp-content\/uploads\/2026\/03\/gobierno-oficializo-sus-medidas-para-el-inicio-del-ano-escolar-893113.png\",\"width\":1200,\"height\":650,\"caption\":\"Foto: Andina\"},{\"@type\":\"BreadcrumbList\",\"@id\":\"https:\/\/estudiotarazona.com\/blog\/pueden-los-colegios-impedir-el-ingreso-a-escolares-que-tengan-el-cabello-tenido-esto-senala-indecopi\/#breadcrumb\",\"itemListElement\":[{\"@type\":\"ListItem\",\"position\":1,\"name\":\"Portada\",\"item\":\"https:\/\/estudiotarazona.com\/blog\/\"},{\"@type\":\"ListItem\",\"position\":2,\"name\":\"\u00bfPueden los colegios impedir el ingreso a escolares que tengan el cabello te\u00f1ido? Esto se\u00f1ala Indecopi\"}]},{\"@type\":\"WebSite\",\"@id\":\"https:\/\/estudiotarazona.com\/blog\/#website\",\"url\":\"https:\/\/estudiotarazona.com\/blog\/\",\"name\":\"Estudio Jur\u00eddico Tarazona &amp; Asociados\",\"description\":\"Blog\",\"potentialAction\":[{\"@type\":\"SearchAction\",\"target\":{\"@type\":\"EntryPoint\",\"urlTemplate\":\"https:\/\/estudiotarazona.com\/blog\/?s={search_term_string}\"},\"query-input\":{\"@type\":\"PropertyValueSpecification\",\"valueRequired\":true,\"valueName\":\"search_term_string\"}}],\"inLanguage\":\"es\"},{\"@type\":\"Person\",\"@id\":\"https:\/\/estudiotarazona.com\/blog\/#\/schema\/person\/5616f02b9b737fbf567a6360978f6498\",\"name\":\"administracion@tarazonaabogados.com\",\"image\":{\"@type\":\"ImageObject\",\"inLanguage\":\"es\",\"@id\":\"https:\/\/estudiotarazona.com\/blog\/#\/schema\/person\/image\/\",\"url\":\"https:\/\/secure.gravatar.com\/avatar\/023f121de2f01f1538ca242fbda217cb2425e9ab19465a8048ceb513e97a139a?s=96&d=mm&r=g\",\"contentUrl\":\"https:\/\/secure.gravatar.com\/avatar\/023f121de2f01f1538ca242fbda217cb2425e9ab19465a8048ceb513e97a139a?s=96&d=mm&r=g\",\"caption\":\"administracion@tarazonaabogados.com\"},\"sameAs\":[\"https:\/\/estudiotarazona.com\/blog\"],\"url\":\"https:\/\/estudiotarazona.com\/blog\/author\/administraciontarazonaabogados-com\/\"}]}<\/script>\n<!-- \/ Yoast SEO plugin. -->","yoast_head_json":{"title":"\u00bfPueden los colegios impedir el ingreso a escolares que tengan el cabello te\u00f1ido? Esto se\u00f1ala Indecopi","description":"Durante la primera semana de marzo, muchos colegios particulares ya comenzaron sus clases, mientras que otros a\u00fan est\u00e1n iniciando el ciclo acad\u00e9mico. Por ello, resulta fundamental que familias y docentes est\u00e9n informados sobre las disposiciones que regulan la presentaci\u00f3n personal de los estudiantes.","robots":{"index":"index","follow":"follow","max-snippet":"max-snippet:-1","max-image-preview":"max-image-preview:large","max-video-preview":"max-video-preview:-1"},"canonical":"https:\/\/estudiotarazona.com\/blog\/pueden-los-colegios-impedir-el-ingreso-a-escolares-que-tengan-el-cabello-tenido-esto-senala-indecopi\/","og_locale":"es_ES","og_type":"article","og_title":"\u00bfPueden los colegios impedir el ingreso a escolares que tengan el cabello te\u00f1ido? Esto se\u00f1ala Indecopi","og_description":"Durante la primera semana de marzo, muchos colegios particulares ya comenzaron sus clases, mientras que otros a\u00fan est\u00e1n iniciando el ciclo acad\u00e9mico. Por ello, resulta fundamental que familias y docentes est\u00e9n informados sobre las disposiciones que regulan la presentaci\u00f3n personal de los estudiantes.","og_url":"https:\/\/estudiotarazona.com\/blog\/pueden-los-colegios-impedir-el-ingreso-a-escolares-que-tengan-el-cabello-tenido-esto-senala-indecopi\/","og_site_name":"Estudio Jur\u00eddico Tarazona &amp; Asociados","article_published_time":"2026-03-12T15:49:53+00:00","article_modified_time":"2026-03-12T15:52:04+00:00","og_image":[{"width":1200,"height":650,"url":"https:\/\/estudiotarazona.com\/blog\/wp-content\/uploads\/2026\/03\/gobierno-oficializo-sus-medidas-para-el-inicio-del-ano-escolar-893113.png","type":"image\/png"}],"author":"administracion@tarazonaabogados.com","twitter_card":"summary_large_image","twitter_misc":{"Escrito por":"administracion@tarazonaabogados.com","Tiempo de lectura":"3 minutos"},"schema":{"@context":"https:\/\/schema.org","@graph":[{"@type":"Article","@id":"https:\/\/estudiotarazona.com\/blog\/pueden-los-colegios-impedir-el-ingreso-a-escolares-que-tengan-el-cabello-tenido-esto-senala-indecopi\/#article","isPartOf":{"@id":"https:\/\/estudiotarazona.com\/blog\/pueden-los-colegios-impedir-el-ingreso-a-escolares-que-tengan-el-cabello-tenido-esto-senala-indecopi\/"},"author":{"name":"administracion@tarazonaabogados.com","@id":"https:\/\/estudiotarazona.com\/blog\/#\/schema\/person\/5616f02b9b737fbf567a6360978f6498"},"headline":"\u00bfPueden los colegios impedir el ingreso a escolares que tengan el cabello te\u00f1ido? Esto se\u00f1ala Indecopi","datePublished":"2026-03-12T15:49:53+00:00","dateModified":"2026-03-12T15:52:04+00:00","mainEntityOfPage":{"@id":"https:\/\/estudiotarazona.com\/blog\/pueden-los-colegios-impedir-el-ingreso-a-escolares-que-tengan-el-cabello-tenido-esto-senala-indecopi\/"},"wordCount":468,"commentCount":0,"image":{"@id":"https:\/\/estudiotarazona.com\/blog\/pueden-los-colegios-impedir-el-ingreso-a-escolares-que-tengan-el-cabello-tenido-esto-senala-indecopi\/#primaryimage"},"thumbnailUrl":"https:\/\/estudiotarazona.com\/blog\/wp-content\/uploads\/2026\/03\/gobierno-oficializo-sus-medidas-para-el-inicio-del-ano-escolar-893113.png","articleSection":["Indecopi"],"inLanguage":"es","potentialAction":[{"@type":"CommentAction","name":"Comment","target":["https:\/\/estudiotarazona.com\/blog\/pueden-los-colegios-impedir-el-ingreso-a-escolares-que-tengan-el-cabello-tenido-esto-senala-indecopi\/#respond"]}]},{"@type":"WebPage","@id":"https:\/\/estudiotarazona.com\/blog\/pueden-los-colegios-impedir-el-ingreso-a-escolares-que-tengan-el-cabello-tenido-esto-senala-indecopi\/","url":"https:\/\/estudiotarazona.com\/blog\/pueden-los-colegios-impedir-el-ingreso-a-escolares-que-tengan-el-cabello-tenido-esto-senala-indecopi\/","name":"\u00bfPueden los colegios impedir el ingreso a escolares que tengan el cabello te\u00f1ido? Esto se\u00f1ala Indecopi","isPartOf":{"@id":"https:\/\/estudiotarazona.com\/blog\/#website"},"primaryImageOfPage":{"@id":"https:\/\/estudiotarazona.com\/blog\/pueden-los-colegios-impedir-el-ingreso-a-escolares-que-tengan-el-cabello-tenido-esto-senala-indecopi\/#primaryimage"},"image":{"@id":"https:\/\/estudiotarazona.com\/blog\/pueden-los-colegios-impedir-el-ingreso-a-escolares-que-tengan-el-cabello-tenido-esto-senala-indecopi\/#primaryimage"},"thumbnailUrl":"https:\/\/estudiotarazona.com\/blog\/wp-content\/uploads\/2026\/03\/gobierno-oficializo-sus-medidas-para-el-inicio-del-ano-escolar-893113.png","datePublished":"2026-03-12T15:49:53+00:00","dateModified":"2026-03-12T15:52:04+00:00","author":{"@id":"https:\/\/estudiotarazona.com\/blog\/#\/schema\/person\/5616f02b9b737fbf567a6360978f6498"},"description":"Durante la primera semana de marzo, muchos colegios particulares ya comenzaron sus clases, mientras que otros a\u00fan est\u00e1n iniciando el ciclo acad\u00e9mico. Por ello, resulta fundamental que familias y docentes est\u00e9n informados sobre las disposiciones que regulan la presentaci\u00f3n personal de los estudiantes.","breadcrumb":{"@id":"https:\/\/estudiotarazona.com\/blog\/pueden-los-colegios-impedir-el-ingreso-a-escolares-que-tengan-el-cabello-tenido-esto-senala-indecopi\/#breadcrumb"},"inLanguage":"es","potentialAction":[{"@type":"ReadAction","target":["https:\/\/estudiotarazona.com\/blog\/pueden-los-colegios-impedir-el-ingreso-a-escolares-que-tengan-el-cabello-tenido-esto-senala-indecopi\/"]}]},{"@type":"ImageObject","inLanguage":"es","@id":"https:\/\/estudiotarazona.com\/blog\/pueden-los-colegios-impedir-el-ingreso-a-escolares-que-tengan-el-cabello-tenido-esto-senala-indecopi\/#primaryimage","url":"https:\/\/estudiotarazona.com\/blog\/wp-content\/uploads\/2026\/03\/gobierno-oficializo-sus-medidas-para-el-inicio-del-ano-escolar-893113.png","contentUrl":"https:\/\/estudiotarazona.com\/blog\/wp-content\/uploads\/2026\/03\/gobierno-oficializo-sus-medidas-para-el-inicio-del-ano-escolar-893113.png","width":1200,"height":650,"caption":"Foto: Andina"},{"@type":"BreadcrumbList","@id":"https:\/\/estudiotarazona.com\/blog\/pueden-los-colegios-impedir-el-ingreso-a-escolares-que-tengan-el-cabello-tenido-esto-senala-indecopi\/#breadcrumb","itemListElement":[{"@type":"ListItem","position":1,"name":"Portada","item":"https:\/\/estudiotarazona.com\/blog\/"},{"@type":"ListItem","position":2,"name":"\u00bfPueden los colegios impedir el ingreso a escolares que tengan el cabello te\u00f1ido? Esto se\u00f1ala Indecopi"}]},{"@type":"WebSite","@id":"https:\/\/estudiotarazona.com\/blog\/#website","url":"https:\/\/estudiotarazona.com\/blog\/","name":"Estudio Jur\u00eddico Tarazona &amp; Asociados","description":"Blog","potentialAction":[{"@type":"SearchAction","target":{"@type":"EntryPoint","urlTemplate":"https:\/\/estudiotarazona.com\/blog\/?s={search_term_string}"},"query-input":{"@type":"PropertyValueSpecification","valueRequired":true,"valueName":"search_term_string"}}],"inLanguage":"es"},{"@type":"Person","@id":"https:\/\/estudiotarazona.com\/blog\/#\/schema\/person\/5616f02b9b737fbf567a6360978f6498","name":"administracion@tarazonaabogados.com","image":{"@type":"ImageObject","inLanguage":"es","@id":"https:\/\/estudiotarazona.com\/blog\/#\/schema\/person\/image\/","url":"https:\/\/secure.gravatar.com\/avatar\/023f121de2f01f1538ca242fbda217cb2425e9ab19465a8048ceb513e97a139a?s=96&d=mm&r=g","contentUrl":"https:\/\/secure.gravatar.com\/avatar\/023f121de2f01f1538ca242fbda217cb2425e9ab19465a8048ceb513e97a139a?s=96&d=mm&r=g","caption":"administracion@tarazonaabogados.com"},"sameAs":["https:\/\/estudiotarazona.com\/blog"],"url":"https:\/\/estudiotarazona.com\/blog\/author\/administraciontarazonaabogados-com\/"}]}},"_links":{"self":[{"href":"https:\/\/estudiotarazona.com\/blog\/wp-json\/wp\/v2\/posts\/812","targetHints":{"allow":["GET"]}}],"collection":[{"href":"https:\/\/estudiotarazona.com\/blog\/wp-json\/wp\/v2\/posts"}],"about":[{"href":"https:\/\/estudiotarazona.com\/blog\/wp-json\/wp\/v2\/types\/post"}],"author":[{"embeddable":true,"href":"https:\/\/estudiotarazona.com\/blog\/wp-json\/wp\/v2\/users\/1"}],"replies":[{"embeddable":true,"href":"https:\/\/estudiotarazona.com\/blog\/wp-json\/wp\/v2\/comments?post=812"}],"version-history":[{"count":2,"href":"https:\/\/estudiotarazona.com\/blog\/wp-json\/wp\/v2\/posts\/812\/revisions"}],"predecessor-version":[{"id":816,"href":"https:\/\/estudiotarazona.com\/blog\/wp-json\/wp\/v2\/posts\/812\/revisions\/816"}],"wp:featuredmedia":[{"embeddable":true,"href":"https:\/\/estudiotarazona.com\/blog\/wp-json\/wp\/v2\/media\/813"}],"wp:attachment":[{"href":"https:\/\/estudiotarazona.com\/blog\/wp-json\/wp\/v2\/media?parent=812"}],"wp:term":[{"taxonomy":"category","embeddable":true,"href":"https:\/\/estudiotarazona.com\/blog\/wp-json\/wp\/v2\/categories?post=812"},{"taxonomy":"post_tag","embeddable":true,"href":"https:\/\/estudiotarazona.com\/blog\/wp-json\/wp\/v2\/tags?post=812"}],"curies":[{"name":"wp","href":"https:\/\/api.w.org\/{rel}","templated":true}]}}