{"id":649,"date":"2023-07-07T16:21:43","date_gmt":"2023-07-07T16:21:43","guid":{"rendered":"https:\/\/estudiotarazona.com\/blog\/?p=649"},"modified":"2023-07-07T16:42:04","modified_gmt":"2023-07-07T16:42:04","slug":"las-noticias-del-dia-son-consideradas-obras-protegibles-del-derecho-de-autor-caso-hildebrandt-en-sus-trece","status":"publish","type":"post","link":"https:\/\/estudiotarazona.com\/blog\/las-noticias-del-dia-son-consideradas-obras-protegibles-del-derecho-de-autor-caso-hildebrandt-en-sus-trece\/","title":{"rendered":"\u00bfLas noticias del d\u00eda son consideradas obras protegibles del derecho de autor?  Caso Hildebrandt en sus Trece"},"content":{"rendered":"<p style=\"text-align: justify;\">En esta nueva era de la informaci\u00f3n digital es usual que las noticias del d\u00eda ya no sean publicadas \u00fanicamente en los convencionales peri\u00f3dicos, sino que, gracias a la tecnolog\u00eda, podemos leer estas noticias con tan solo googlearlas o visualizarlas al prender el celular, el televisor o laptop. Sin embargo, esto nos trae la duda sobre si es que estas noticias del d\u00eda pueden ser consideradas como obras protegibles por las leyes del derecho de autor.<\/p>\n<p style=\"text-align: justify;\">Al respecto, las noticias por esencia est\u00e1n destinadas a informar y presentar hechos objetivos y verificables, es decir, la labor period\u00edstica se centra en recopilar informaci\u00f3n y transmitirla de manera precisa y neutral. Entonces, las noticias del d\u00eda al presentar ese enfoque objetivo caracter\u00edstico de las noticias no cumplen con el nivel de originalidad y creatividad requerido para la protecci\u00f3n de una obra intelectual puesto que no muestra personalidad alguna del autor solo se trata de una recopilaci\u00f3n de informaci\u00f3n verificada y transmitirla neutralmente. Sin embargo, lo que si pudiese estar protegido es la presentaci\u00f3n de este, es decir, la manera original y creativa de como transmiten al p\u00fablico la noticia del d\u00eda. Por ejemplo, la m\u00fasica del Tema de Primera Edici\u00f3n de Am\u00e9rica Televisi\u00f3n que se escuchaba en las ma\u00f1anas antes de salir a trabajar o a estudiar, es un claro ejemplo de como si bien no puedes proteger en si el contenido de las noticias del d\u00eda lo que si puedes proteger es la manera original y creativa de como presentarla al p\u00fablico.<\/p>\n<p style=\"text-align: justify;\">Ahora, caso contrario, ser\u00eda el tema de los art\u00edculos period\u00edsticos. Por ejemplo, si un tercero (como una editorial), sin autorizaci\u00f3n y ajeno al autor o al titular de los derechos de la elaboraci\u00f3n de un art\u00edculo period\u00edstico, empezar\u00e1 a enviar correos en los cuales dicho art\u00edculo se encuentra en formato pdf debido a que posee subscriptores que pagaron por tener noticias del d\u00eda, cuyo contenido cuenta con mayor elaboraci\u00f3n y originalidad que una simple noticia del d\u00eda; este tercero sin autorizaci\u00f3n podr\u00eda ser sancionado por infracci\u00f3n de derecho debido a que se estar\u00eda vulnerando derechos de obras, que al poseer un car\u00e1cter personal original del autor, son protegibles por la Legislaci\u00f3n de Derechos de autor como lo se\u00f1al\u00f3 Indecopi al emitir la <strong>Resoluci\u00f3n 0096-2021\/TPI-INDECOPI<\/strong>.<\/p>\n<p style=\"text-align: justify;\">En este caso Indecopi resolvi\u00f3 que la reproducci\u00f3n total o parcial de la revista digital\u00a0Hildebrandt en sus treces\u00a0vulneraron derechos de autor, se\u00f1alando lo siguiente:<\/p>\n<p style=\"text-align: justify;\"><em>\u201cLos textos de los anexos\u00a0D-1 al D-10 <u>no constituyen noticias del d\u00eda<\/u>, puesto que contienen art\u00edculos period\u00edsticos que cuentan con mayor elaboraci\u00f3n que una mera noticia, as\u00ed como, pueden ser distinguidas por la originalidad del autor; por lo que dichos art\u00edculos contenidos en la revista \u2018Hildebrandt en sus trece\u2019 cuentan con la protecci\u00f3n del derecho de autor\u201d.<\/em><\/p>\n<p style=\"text-align: justify;\"><strong>(agregado es nuestro) <\/strong><\/p>\n<p style=\"text-align: justify;\">Vemos entonces que en casos como los de art\u00edculos period\u00edsticos si se puede evidenciar un esfuerzo humano creativo y original que ser\u00e1 objeto de protecci\u00f3n.<\/p>\n<p style=\"text-align: justify;\">Por tanto, se concluye que las noticias del d\u00eda no son sujeto de protecci\u00f3n de derecho del autor por tratarse de recopilaciones de informaci\u00f3n verificadas que carecen de originalidad, pero la forma de como presentan dicha informaci\u00f3n si puede ser protegida por derechos de autor.<\/p>\n<p style=\"text-align: justify;\">Si tienes mas consultas sobre el tema, escr\u00edbenos aqu\u00ed: <a href=\"https:\/\/bit.ly\/Consultor\u00eda20minRM\" target=\"_blank\" rel=\"noopener\">Estudio Tarazona y Asociados<\/a> o al 957 703 948.<\/p>\n<p style=\"text-align: justify;\">Tenemos m\u00e1s art\u00edculos sobre propiedad intelectual en nuestro <a href=\"https:\/\/estudiotarazona.com\/blog\/\">blog<\/a>.<\/p>\n<p><a href=\"https:\/\/api.whatsapp.com\/send\/?phone=51957703948&amp;text=Hola%2C+quiero+agendar+la+consultor%C3%ADa+gratuita+de+20+minutos+sobre+Registro+de+Marca%2C+mi+nombre+es&amp;type=phone_number&amp;app_absent=0\" target=\"_blank\" rel=\"noopener\"><img loading=\"lazy\" decoding=\"async\" class=\"aligncenter wp-image-118 size-full\" src=\"https:\/\/estudiotarazona.com\/blog\/wp-content\/uploads\/2022\/07\/banner-arti-5-1024x512-1.png\" alt=\"derecho de autor Hildebrandt en sus Trece\" width=\"1024\" height=\"512\" srcset=\"https:\/\/estudiotarazona.com\/blog\/wp-content\/uploads\/2022\/07\/banner-arti-5-1024x512-1.png 1024w, https:\/\/estudiotarazona.com\/blog\/wp-content\/uploads\/2022\/07\/banner-arti-5-1024x512-1-300x150.png 300w, https:\/\/estudiotarazona.com\/blog\/wp-content\/uploads\/2022\/07\/banner-arti-5-1024x512-1-768x384.png 768w, https:\/\/estudiotarazona.com\/blog\/wp-content\/uploads\/2022\/07\/banner-arti-5-1024x512-1-696x348.png 696w, https:\/\/estudiotarazona.com\/blog\/wp-content\/uploads\/2022\/07\/banner-arti-5-1024x512-1-840x420.png 840w\" sizes=\"auto, (max-width: 1024px) 100vw, 1024px\" \/><\/a><\/p>\n","protected":false},"excerpt":{"rendered":"<p>En esta nueva era de la informaci\u00f3n digital es usual que las noticias del d\u00eda ya no sean publicadas \u00fanicamente en los convencionales peri\u00f3dicos, sino que, gracias a la tecnolog\u00eda, podemos leer estas noticias con tan solo googlearlas o visualizarlas al prender el celular, el televisor o laptop. Sin embargo, esto nos trae la duda [&hellip;]<\/p>\n","protected":false},"author":1,"featured_media":652,"comment_status":"open","ping_status":"open","sticky":false,"template":"","format":"standard","meta":{"footnotes":""},"categories":[17],"tags":[],"class_list":{"0":"post-649","1":"post","2":"type-post","3":"status-publish","4":"format-standard","5":"has-post-thumbnail","7":"category-propiedad-intelectual"},"yoast_head":"<!-- This site is optimized with the Yoast SEO plugin v26.9 - https:\/\/yoast.com\/product\/yoast-seo-wordpress\/ -->\n<title>\u00bfSon las noticias del d\u00eda obras protegidas por derechos de autor?<\/title>\n<meta name=\"description\" content=\"\u00bfSon las noticias del d\u00eda obras protegidas por derechos de autor? Caso Hildebrandt en sus Trece y lo que necesitas saber\" \/>\n<meta name=\"robots\" content=\"index, follow, max-snippet:-1, max-image-preview:large, max-video-preview:-1\" \/>\n<link rel=\"canonical\" href=\"https:\/\/estudiotarazona.com\/blog\/las-noticias-del-dia-son-consideradas-obras-protegibles-del-derecho-de-autor-caso-hildebrandt-en-sus-trece\/\" \/>\n<meta property=\"og:locale\" content=\"es_ES\" \/>\n<meta property=\"og:type\" content=\"article\" \/>\n<meta property=\"og:title\" content=\"\u00bfSon las noticias del d\u00eda obras protegidas por derechos de autor?\" \/>\n<meta property=\"og:description\" content=\"\u00bfSon las noticias del d\u00eda obras protegidas por derechos de autor? Caso Hildebrandt en sus Trece y lo que necesitas saber\" \/>\n<meta property=\"og:url\" content=\"https:\/\/estudiotarazona.com\/blog\/las-noticias-del-dia-son-consideradas-obras-protegibles-del-derecho-de-autor-caso-hildebrandt-en-sus-trece\/\" \/>\n<meta property=\"og:site_name\" content=\"Estudio Jur\u00eddico Tarazona &amp; Asociados\" \/>\n<meta property=\"article:published_time\" content=\"2023-07-07T16:21:43+00:00\" \/>\n<meta property=\"article:modified_time\" content=\"2023-07-07T16:42:04+00:00\" \/>\n<meta property=\"og:image\" content=\"https:\/\/estudiotarazona.com\/blog\/wp-content\/uploads\/2023\/07\/349718724_939089597357386_6495153042378167017_n.jpg\" \/>\n\t<meta property=\"og:image:width\" content=\"2048\" \/>\n\t<meta property=\"og:image:height\" content=\"1365\" \/>\n\t<meta property=\"og:image:type\" content=\"image\/jpeg\" \/>\n<meta name=\"author\" content=\"administracion@tarazonaabogados.com\" \/>\n<meta name=\"twitter:card\" content=\"summary_large_image\" \/>\n<meta name=\"twitter:label1\" content=\"Escrito por\" \/>\n\t<meta name=\"twitter:data1\" content=\"administracion@tarazonaabogados.com\" \/>\n\t<meta name=\"twitter:label2\" content=\"Tiempo de lectura\" \/>\n\t<meta name=\"twitter:data2\" content=\"3 minutos\" \/>\n<script type=\"application\/ld+json\" class=\"yoast-schema-graph\">{\"@context\":\"https:\/\/schema.org\",\"@graph\":[{\"@type\":\"Article\",\"@id\":\"https:\/\/estudiotarazona.com\/blog\/las-noticias-del-dia-son-consideradas-obras-protegibles-del-derecho-de-autor-caso-hildebrandt-en-sus-trece\/#article\",\"isPartOf\":{\"@id\":\"https:\/\/estudiotarazona.com\/blog\/las-noticias-del-dia-son-consideradas-obras-protegibles-del-derecho-de-autor-caso-hildebrandt-en-sus-trece\/\"},\"author\":{\"name\":\"administracion@tarazonaabogados.com\",\"@id\":\"https:\/\/estudiotarazona.com\/blog\/#\/schema\/person\/5616f02b9b737fbf567a6360978f6498\"},\"headline\":\"\u00bfLas noticias del d\u00eda son consideradas obras protegibles del derecho de autor? Caso Hildebrandt en sus Trece\",\"datePublished\":\"2023-07-07T16:21:43+00:00\",\"dateModified\":\"2023-07-07T16:42:04+00:00\",\"mainEntityOfPage\":{\"@id\":\"https:\/\/estudiotarazona.com\/blog\/las-noticias-del-dia-son-consideradas-obras-protegibles-del-derecho-de-autor-caso-hildebrandt-en-sus-trece\/\"},\"wordCount\":635,\"commentCount\":0,\"image\":{\"@id\":\"https:\/\/estudiotarazona.com\/blog\/las-noticias-del-dia-son-consideradas-obras-protegibles-del-derecho-de-autor-caso-hildebrandt-en-sus-trece\/#primaryimage\"},\"thumbnailUrl\":\"https:\/\/estudiotarazona.com\/blog\/wp-content\/uploads\/2023\/07\/349718724_939089597357386_6495153042378167017_n.jpg\",\"articleSection\":[\"Propiedad intelectual\"],\"inLanguage\":\"es\",\"potentialAction\":[{\"@type\":\"CommentAction\",\"name\":\"Comment\",\"target\":[\"https:\/\/estudiotarazona.com\/blog\/las-noticias-del-dia-son-consideradas-obras-protegibles-del-derecho-de-autor-caso-hildebrandt-en-sus-trece\/#respond\"]}]},{\"@type\":\"WebPage\",\"@id\":\"https:\/\/estudiotarazona.com\/blog\/las-noticias-del-dia-son-consideradas-obras-protegibles-del-derecho-de-autor-caso-hildebrandt-en-sus-trece\/\",\"url\":\"https:\/\/estudiotarazona.com\/blog\/las-noticias-del-dia-son-consideradas-obras-protegibles-del-derecho-de-autor-caso-hildebrandt-en-sus-trece\/\",\"name\":\"\u00bfSon las noticias del d\u00eda obras protegidas por derechos de autor?\",\"isPartOf\":{\"@id\":\"https:\/\/estudiotarazona.com\/blog\/#website\"},\"primaryImageOfPage\":{\"@id\":\"https:\/\/estudiotarazona.com\/blog\/las-noticias-del-dia-son-consideradas-obras-protegibles-del-derecho-de-autor-caso-hildebrandt-en-sus-trece\/#primaryimage\"},\"image\":{\"@id\":\"https:\/\/estudiotarazona.com\/blog\/las-noticias-del-dia-son-consideradas-obras-protegibles-del-derecho-de-autor-caso-hildebrandt-en-sus-trece\/#primaryimage\"},\"thumbnailUrl\":\"https:\/\/estudiotarazona.com\/blog\/wp-content\/uploads\/2023\/07\/349718724_939089597357386_6495153042378167017_n.jpg\",\"datePublished\":\"2023-07-07T16:21:43+00:00\",\"dateModified\":\"2023-07-07T16:42:04+00:00\",\"author\":{\"@id\":\"https:\/\/estudiotarazona.com\/blog\/#\/schema\/person\/5616f02b9b737fbf567a6360978f6498\"},\"description\":\"\u00bfSon las noticias del d\u00eda obras protegidas por derechos de autor? Caso Hildebrandt en sus Trece y lo que necesitas saber\",\"breadcrumb\":{\"@id\":\"https:\/\/estudiotarazona.com\/blog\/las-noticias-del-dia-son-consideradas-obras-protegibles-del-derecho-de-autor-caso-hildebrandt-en-sus-trece\/#breadcrumb\"},\"inLanguage\":\"es\",\"potentialAction\":[{\"@type\":\"ReadAction\",\"target\":[\"https:\/\/estudiotarazona.com\/blog\/las-noticias-del-dia-son-consideradas-obras-protegibles-del-derecho-de-autor-caso-hildebrandt-en-sus-trece\/\"]}]},{\"@type\":\"ImageObject\",\"inLanguage\":\"es\",\"@id\":\"https:\/\/estudiotarazona.com\/blog\/las-noticias-del-dia-son-consideradas-obras-protegibles-del-derecho-de-autor-caso-hildebrandt-en-sus-trece\/#primaryimage\",\"url\":\"https:\/\/estudiotarazona.com\/blog\/wp-content\/uploads\/2023\/07\/349718724_939089597357386_6495153042378167017_n.jpg\",\"contentUrl\":\"https:\/\/estudiotarazona.com\/blog\/wp-content\/uploads\/2023\/07\/349718724_939089597357386_6495153042378167017_n.jpg\",\"width\":2048,\"height\":1365},{\"@type\":\"BreadcrumbList\",\"@id\":\"https:\/\/estudiotarazona.com\/blog\/las-noticias-del-dia-son-consideradas-obras-protegibles-del-derecho-de-autor-caso-hildebrandt-en-sus-trece\/#breadcrumb\",\"itemListElement\":[{\"@type\":\"ListItem\",\"position\":1,\"name\":\"Portada\",\"item\":\"https:\/\/estudiotarazona.com\/blog\/\"},{\"@type\":\"ListItem\",\"position\":2,\"name\":\"\u00bfLas noticias del d\u00eda son consideradas obras protegibles del derecho de autor? Caso Hildebrandt en sus Trece\"}]},{\"@type\":\"WebSite\",\"@id\":\"https:\/\/estudiotarazona.com\/blog\/#website\",\"url\":\"https:\/\/estudiotarazona.com\/blog\/\",\"name\":\"Estudio Jur\u00eddico Tarazona &amp; Asociados\",\"description\":\"Blog\",\"potentialAction\":[{\"@type\":\"SearchAction\",\"target\":{\"@type\":\"EntryPoint\",\"urlTemplate\":\"https:\/\/estudiotarazona.com\/blog\/?s={search_term_string}\"},\"query-input\":{\"@type\":\"PropertyValueSpecification\",\"valueRequired\":true,\"valueName\":\"search_term_string\"}}],\"inLanguage\":\"es\"},{\"@type\":\"Person\",\"@id\":\"https:\/\/estudiotarazona.com\/blog\/#\/schema\/person\/5616f02b9b737fbf567a6360978f6498\",\"name\":\"administracion@tarazonaabogados.com\",\"image\":{\"@type\":\"ImageObject\",\"inLanguage\":\"es\",\"@id\":\"https:\/\/estudiotarazona.com\/blog\/#\/schema\/person\/image\/\",\"url\":\"https:\/\/secure.gravatar.com\/avatar\/023f121de2f01f1538ca242fbda217cb2425e9ab19465a8048ceb513e97a139a?s=96&d=mm&r=g\",\"contentUrl\":\"https:\/\/secure.gravatar.com\/avatar\/023f121de2f01f1538ca242fbda217cb2425e9ab19465a8048ceb513e97a139a?s=96&d=mm&r=g\",\"caption\":\"administracion@tarazonaabogados.com\"},\"sameAs\":[\"https:\/\/estudiotarazona.com\/blog\"],\"url\":\"https:\/\/estudiotarazona.com\/blog\/author\/administraciontarazonaabogados-com\/\"}]}<\/script>\n<!-- \/ Yoast SEO plugin. -->","yoast_head_json":{"title":"\u00bfSon las noticias del d\u00eda obras protegidas por derechos de autor?","description":"\u00bfSon las noticias del d\u00eda obras protegidas por derechos de autor? Caso Hildebrandt en sus Trece y lo que necesitas saber","robots":{"index":"index","follow":"follow","max-snippet":"max-snippet:-1","max-image-preview":"max-image-preview:large","max-video-preview":"max-video-preview:-1"},"canonical":"https:\/\/estudiotarazona.com\/blog\/las-noticias-del-dia-son-consideradas-obras-protegibles-del-derecho-de-autor-caso-hildebrandt-en-sus-trece\/","og_locale":"es_ES","og_type":"article","og_title":"\u00bfSon las noticias del d\u00eda obras protegidas por derechos de autor?","og_description":"\u00bfSon las noticias del d\u00eda obras protegidas por derechos de autor? Caso Hildebrandt en sus Trece y lo que necesitas saber","og_url":"https:\/\/estudiotarazona.com\/blog\/las-noticias-del-dia-son-consideradas-obras-protegibles-del-derecho-de-autor-caso-hildebrandt-en-sus-trece\/","og_site_name":"Estudio Jur\u00eddico Tarazona &amp; Asociados","article_published_time":"2023-07-07T16:21:43+00:00","article_modified_time":"2023-07-07T16:42:04+00:00","og_image":[{"width":2048,"height":1365,"url":"https:\/\/estudiotarazona.com\/blog\/wp-content\/uploads\/2023\/07\/349718724_939089597357386_6495153042378167017_n.jpg","type":"image\/jpeg"}],"author":"administracion@tarazonaabogados.com","twitter_card":"summary_large_image","twitter_misc":{"Escrito por":"administracion@tarazonaabogados.com","Tiempo de lectura":"3 minutos"},"schema":{"@context":"https:\/\/schema.org","@graph":[{"@type":"Article","@id":"https:\/\/estudiotarazona.com\/blog\/las-noticias-del-dia-son-consideradas-obras-protegibles-del-derecho-de-autor-caso-hildebrandt-en-sus-trece\/#article","isPartOf":{"@id":"https:\/\/estudiotarazona.com\/blog\/las-noticias-del-dia-son-consideradas-obras-protegibles-del-derecho-de-autor-caso-hildebrandt-en-sus-trece\/"},"author":{"name":"administracion@tarazonaabogados.com","@id":"https:\/\/estudiotarazona.com\/blog\/#\/schema\/person\/5616f02b9b737fbf567a6360978f6498"},"headline":"\u00bfLas noticias del d\u00eda son consideradas obras protegibles del derecho de autor? Caso Hildebrandt en sus Trece","datePublished":"2023-07-07T16:21:43+00:00","dateModified":"2023-07-07T16:42:04+00:00","mainEntityOfPage":{"@id":"https:\/\/estudiotarazona.com\/blog\/las-noticias-del-dia-son-consideradas-obras-protegibles-del-derecho-de-autor-caso-hildebrandt-en-sus-trece\/"},"wordCount":635,"commentCount":0,"image":{"@id":"https:\/\/estudiotarazona.com\/blog\/las-noticias-del-dia-son-consideradas-obras-protegibles-del-derecho-de-autor-caso-hildebrandt-en-sus-trece\/#primaryimage"},"thumbnailUrl":"https:\/\/estudiotarazona.com\/blog\/wp-content\/uploads\/2023\/07\/349718724_939089597357386_6495153042378167017_n.jpg","articleSection":["Propiedad intelectual"],"inLanguage":"es","potentialAction":[{"@type":"CommentAction","name":"Comment","target":["https:\/\/estudiotarazona.com\/blog\/las-noticias-del-dia-son-consideradas-obras-protegibles-del-derecho-de-autor-caso-hildebrandt-en-sus-trece\/#respond"]}]},{"@type":"WebPage","@id":"https:\/\/estudiotarazona.com\/blog\/las-noticias-del-dia-son-consideradas-obras-protegibles-del-derecho-de-autor-caso-hildebrandt-en-sus-trece\/","url":"https:\/\/estudiotarazona.com\/blog\/las-noticias-del-dia-son-consideradas-obras-protegibles-del-derecho-de-autor-caso-hildebrandt-en-sus-trece\/","name":"\u00bfSon las noticias del d\u00eda obras protegidas por derechos de autor?","isPartOf":{"@id":"https:\/\/estudiotarazona.com\/blog\/#website"},"primaryImageOfPage":{"@id":"https:\/\/estudiotarazona.com\/blog\/las-noticias-del-dia-son-consideradas-obras-protegibles-del-derecho-de-autor-caso-hildebrandt-en-sus-trece\/#primaryimage"},"image":{"@id":"https:\/\/estudiotarazona.com\/blog\/las-noticias-del-dia-son-consideradas-obras-protegibles-del-derecho-de-autor-caso-hildebrandt-en-sus-trece\/#primaryimage"},"thumbnailUrl":"https:\/\/estudiotarazona.com\/blog\/wp-content\/uploads\/2023\/07\/349718724_939089597357386_6495153042378167017_n.jpg","datePublished":"2023-07-07T16:21:43+00:00","dateModified":"2023-07-07T16:42:04+00:00","author":{"@id":"https:\/\/estudiotarazona.com\/blog\/#\/schema\/person\/5616f02b9b737fbf567a6360978f6498"},"description":"\u00bfSon las noticias del d\u00eda obras protegidas por derechos de autor? Caso Hildebrandt en sus Trece y lo que necesitas saber","breadcrumb":{"@id":"https:\/\/estudiotarazona.com\/blog\/las-noticias-del-dia-son-consideradas-obras-protegibles-del-derecho-de-autor-caso-hildebrandt-en-sus-trece\/#breadcrumb"},"inLanguage":"es","potentialAction":[{"@type":"ReadAction","target":["https:\/\/estudiotarazona.com\/blog\/las-noticias-del-dia-son-consideradas-obras-protegibles-del-derecho-de-autor-caso-hildebrandt-en-sus-trece\/"]}]},{"@type":"ImageObject","inLanguage":"es","@id":"https:\/\/estudiotarazona.com\/blog\/las-noticias-del-dia-son-consideradas-obras-protegibles-del-derecho-de-autor-caso-hildebrandt-en-sus-trece\/#primaryimage","url":"https:\/\/estudiotarazona.com\/blog\/wp-content\/uploads\/2023\/07\/349718724_939089597357386_6495153042378167017_n.jpg","contentUrl":"https:\/\/estudiotarazona.com\/blog\/wp-content\/uploads\/2023\/07\/349718724_939089597357386_6495153042378167017_n.jpg","width":2048,"height":1365},{"@type":"BreadcrumbList","@id":"https:\/\/estudiotarazona.com\/blog\/las-noticias-del-dia-son-consideradas-obras-protegibles-del-derecho-de-autor-caso-hildebrandt-en-sus-trece\/#breadcrumb","itemListElement":[{"@type":"ListItem","position":1,"name":"Portada","item":"https:\/\/estudiotarazona.com\/blog\/"},{"@type":"ListItem","position":2,"name":"\u00bfLas noticias del d\u00eda son consideradas obras protegibles del derecho de autor? Caso Hildebrandt en sus Trece"}]},{"@type":"WebSite","@id":"https:\/\/estudiotarazona.com\/blog\/#website","url":"https:\/\/estudiotarazona.com\/blog\/","name":"Estudio Jur\u00eddico Tarazona &amp; Asociados","description":"Blog","potentialAction":[{"@type":"SearchAction","target":{"@type":"EntryPoint","urlTemplate":"https:\/\/estudiotarazona.com\/blog\/?s={search_term_string}"},"query-input":{"@type":"PropertyValueSpecification","valueRequired":true,"valueName":"search_term_string"}}],"inLanguage":"es"},{"@type":"Person","@id":"https:\/\/estudiotarazona.com\/blog\/#\/schema\/person\/5616f02b9b737fbf567a6360978f6498","name":"administracion@tarazonaabogados.com","image":{"@type":"ImageObject","inLanguage":"es","@id":"https:\/\/estudiotarazona.com\/blog\/#\/schema\/person\/image\/","url":"https:\/\/secure.gravatar.com\/avatar\/023f121de2f01f1538ca242fbda217cb2425e9ab19465a8048ceb513e97a139a?s=96&d=mm&r=g","contentUrl":"https:\/\/secure.gravatar.com\/avatar\/023f121de2f01f1538ca242fbda217cb2425e9ab19465a8048ceb513e97a139a?s=96&d=mm&r=g","caption":"administracion@tarazonaabogados.com"},"sameAs":["https:\/\/estudiotarazona.com\/blog"],"url":"https:\/\/estudiotarazona.com\/blog\/author\/administraciontarazonaabogados-com\/"}]}},"_links":{"self":[{"href":"https:\/\/estudiotarazona.com\/blog\/wp-json\/wp\/v2\/posts\/649","targetHints":{"allow":["GET"]}}],"collection":[{"href":"https:\/\/estudiotarazona.com\/blog\/wp-json\/wp\/v2\/posts"}],"about":[{"href":"https:\/\/estudiotarazona.com\/blog\/wp-json\/wp\/v2\/types\/post"}],"author":[{"embeddable":true,"href":"https:\/\/estudiotarazona.com\/blog\/wp-json\/wp\/v2\/users\/1"}],"replies":[{"embeddable":true,"href":"https:\/\/estudiotarazona.com\/blog\/wp-json\/wp\/v2\/comments?post=649"}],"version-history":[{"count":3,"href":"https:\/\/estudiotarazona.com\/blog\/wp-json\/wp\/v2\/posts\/649\/revisions"}],"predecessor-version":[{"id":653,"href":"https:\/\/estudiotarazona.com\/blog\/wp-json\/wp\/v2\/posts\/649\/revisions\/653"}],"wp:featuredmedia":[{"embeddable":true,"href":"https:\/\/estudiotarazona.com\/blog\/wp-json\/wp\/v2\/media\/652"}],"wp:attachment":[{"href":"https:\/\/estudiotarazona.com\/blog\/wp-json\/wp\/v2\/media?parent=649"}],"wp:term":[{"taxonomy":"category","embeddable":true,"href":"https:\/\/estudiotarazona.com\/blog\/wp-json\/wp\/v2\/categories?post=649"},{"taxonomy":"post_tag","embeddable":true,"href":"https:\/\/estudiotarazona.com\/blog\/wp-json\/wp\/v2\/tags?post=649"}],"curies":[{"name":"wp","href":"https:\/\/api.w.org\/{rel}","templated":true}]}}