{"id":632,"date":"2023-07-03T18:33:22","date_gmt":"2023-07-03T18:33:22","guid":{"rendered":"https:\/\/estudiotarazona.com\/blog\/?p=632"},"modified":"2023-07-03T18:33:22","modified_gmt":"2023-07-03T18:33:22","slug":"que-es-la-gestion-colectiva-del-derecho-de-autor-apdayc-y-las-otras-asociaciones-de-gestion-colectiva-en-el-peru","status":"publish","type":"post","link":"https:\/\/estudiotarazona.com\/blog\/que-es-la-gestion-colectiva-del-derecho-de-autor-apdayc-y-las-otras-asociaciones-de-gestion-colectiva-en-el-peru\/","title":{"rendered":"\u00bfQu\u00e9 es la gesti\u00f3n colectiva del derecho de autor? APDAYC y las otras Asociaciones de Gesti\u00f3n Colectiva en el Per\u00fa"},"content":{"rendered":"<p style=\"text-align: justify;\">El creador de una obra protegida por el derecho de autor tiene derecho a permitir o prohibir el uso de sus obras. La problem\u00e1tica surge cuando una vez hecha la distribuci\u00f3n, a los autores les ser\u00e1 imposible fiscalizar el uso que terceros hagan sobre su obra, por ello, resulta tedioso que un cantante pase la vida contact\u00e1ndose con cada emisora de radio existente para prohibirles que sigan reproduciendo su m\u00fasica o contactarse para negociar la autorizaci\u00f3n para que reproduzcan su canci\u00f3n, as\u00ed como, poco factible que los organismos de radio fusi\u00f3n soliciten permisos a cada autor a la hora de reproducirlos; es ah\u00ed donde surgi\u00f3 la necesidad de crear una gesti\u00f3n colectiva de derechos de autor. Por tanto, \u00bfQu\u00e9 es una Sociedad de Gesti\u00f3n Colectiva?<\/p>\n<p style=\"text-align: justify;\">La Ley sobre Derechos de Autor, en el numeral 42 de su art\u00edculo 2, se\u00f1ala que las sociedades de gesti\u00f3n colectiva son <em>\u201casociaciones civiles sin fin de lucro legalmente constituidas para dedicarse en nombre propio o ajeno a la gesti\u00f3n de derechos de autor o conexos de car\u00e1cter patrimonial, por cuenta y en inter\u00e9s de varios autores o titulares de esos derechos, y que hayan obtenido de la Oficina de Derechos de Autor del Instituto Nacional de Defensa de la Competencia y de la Protecci\u00f3n de la Propiedad Intelectual -Indecopi &#8211; la autorizaci\u00f3n de funcionamiento que se regula en esta ley\u201d<\/em>.<\/p>\n<p style=\"text-align: justify;\">En tal sentido, estas asociaciones fueron creadas con el fin de resguardar el derecho exclusivo de los titulares de los derechos de autor. Por ejemplo, la comunicaci\u00f3n p\u00fablica de una canci\u00f3n como se realizan en las discotecas o emisoras de radio, ya que, en contraposici\u00f3n, si dicha comunicaci\u00f3n ser\u00eda hecha en un \u00e1mbito privado donde \u00fanicamente se reproduce la m\u00fasica entre familiares o amigos se estar\u00eda violando ning\u00fan derecho. Sin embargo, si organizas una fiesta &#8211; cobras entrada \u2013 y reproduces m\u00fasica, entonces estas realizando un acto comercial del cual s\u00ed deber\u00edas haber pedido la licencia musical (permiso legal) a la Asociaci\u00f3n de Gesti\u00f3n Colectiva correspondiente o al titular de los derechos para reproducir legalmente canciones de artistas como Shakira, Bad Bunny, Lady Gaga, Rihanna, Beyonce, entre otros. Como lo es el <strong>APDAYC<\/strong> en el caso peruano<\/p>\n<p style=\"text-align: justify;\">Por otro lado, antes de se\u00f1alar las funciones que ejercen estas asociaciones, es importante mencionar que hasta el momento en el Per\u00fa se cuenta con las siguientes Asociaciones de Gesti\u00f3n Colectiva:<\/p>\n<ul style=\"text-align: justify;\">\n<li><strong>APDAYC<\/strong>, de autores y compositores de obras musicales. Que es el mas conocido en el \u00e1mbito peruano.<\/li>\n<li>UNIMPRO, de productores fonogr\u00e1ficos.<\/li>\n<li>SONIEM, de artistas int\u00e9rpretes y ejecutantes musicales.<\/li>\n<li>INTER ARTIS, de artistas int\u00e9rpretes y ejecutantes audiovisuales.<\/li>\n<li>EGEDA PER\u00da, de productores audiovisuales.<\/li>\n<li>APSAV, de artistas visuales.<\/li>\n<\/ul>\n<p style=\"text-align: justify;\">Ahora, con respecto a los permisos legales que la gesti\u00f3n colectiva otorgara a los usuarios para reproducir las obras protegidas como no, cabe mencionar sus funciones, entre las cuales, est\u00e1n las de:<\/p>\n<ul style=\"text-align: justify;\">\n<li>Recaudar las remuneraciones relativas a la utilizaci\u00f3n de las obras administradas, incluyendo interpretaciones, ejecuciones, producciones, entre otros<\/li>\n<li>Ejercer la administraci\u00f3n de los derechos de autor y derechos conexos con sujeci\u00f3n a las reglas de contrato de adhesi\u00f3n, estatutos y en las dem\u00e1s disposiciones que le sean aplicables<\/li>\n<li>Determinar las tarifas por el uso del repertorio que administra, la cual deber\u00e1 ser equitativa, razonable y proporcional<\/li>\n<\/ul>\n<p style=\"text-align: justify;\">Vemos entonces que las acciones que tomen las Asociaciones de Gesti\u00f3n Colectiva siempre tienen que ser conforme a ley, para evitar que los usuarios decidan reproducir las obras protegidas de los autores de manera ilegal.<\/p>\n<p style=\"text-align: justify;\">Por tanto, se concluye que la gesti\u00f3n colectiva del derecho de autor juega un papel importante puesto que la asociaci\u00f3n se ocupa de los diversos problemas que se plantean entre los usuarios de la obra y los titulares de los derechos de la obra protegida.<\/p>\n<p style=\"text-align: justify;\">Si tienes mas consultas sobre el tema, escr\u00edbenos aqu\u00ed: <a href=\"https:\/\/bit.ly\/Consultor\u00eda20minRM\" target=\"_blank\" rel=\"noopener\">Estudio Tarazona y Asociados<\/a> o al 957 703 948.<\/p>\n<p style=\"text-align: justify;\">Tenemos m\u00e1s art\u00edculos sobre propiedad intelectual en nuestro <a href=\"https:\/\/estudiotarazona.com\/blog\/\">blog<\/a>.<\/p>\n<p><a href=\"https:\/\/api.whatsapp.com\/send\/?phone=51957703948&amp;text=Hola%2C+quiero+agendar+la+consultor%C3%ADa+gratuita+de+20+minutos+sobre+Registro+de+Marca%2C+mi+nombre+es&amp;type=phone_number&amp;app_absent=0\" target=\"_blank\" rel=\"noopener\"><img loading=\"lazy\" decoding=\"async\" class=\"aligncenter wp-image-173 size-full\" src=\"https:\/\/estudiotarazona.com\/blog\/wp-content\/uploads\/2022\/07\/banner-arti-6-1024x512-1.png\" alt=\"gesti\u00f3n colectiva del derecho de autor\" width=\"1024\" height=\"512\" srcset=\"https:\/\/estudiotarazona.com\/blog\/wp-content\/uploads\/2022\/07\/banner-arti-6-1024x512-1.png 1024w, https:\/\/estudiotarazona.com\/blog\/wp-content\/uploads\/2022\/07\/banner-arti-6-1024x512-1-300x150.png 300w, https:\/\/estudiotarazona.com\/blog\/wp-content\/uploads\/2022\/07\/banner-arti-6-1024x512-1-768x384.png 768w, https:\/\/estudiotarazona.com\/blog\/wp-content\/uploads\/2022\/07\/banner-arti-6-1024x512-1-696x348.png 696w, https:\/\/estudiotarazona.com\/blog\/wp-content\/uploads\/2022\/07\/banner-arti-6-1024x512-1-840x420.png 840w\" sizes=\"auto, (max-width: 1024px) 100vw, 1024px\" \/><\/a><\/p>\n","protected":false},"excerpt":{"rendered":"<p>El creador de una obra protegida por el derecho de autor tiene derecho a permitir o prohibir el uso de sus obras. La problem\u00e1tica surge cuando una vez hecha la distribuci\u00f3n, a los autores les ser\u00e1 imposible fiscalizar el uso que terceros hagan sobre su obra, por ello, resulta tedioso que un cantante pase la [&hellip;]<\/p>\n","protected":false},"author":1,"featured_media":633,"comment_status":"open","ping_status":"open","sticky":false,"template":"","format":"standard","meta":{"footnotes":""},"categories":[17],"tags":[],"class_list":{"0":"post-632","1":"post","2":"type-post","3":"status-publish","4":"format-standard","5":"has-post-thumbnail","7":"category-propiedad-intelectual"},"yoast_head":"<!-- This site is optimized with the Yoast SEO plugin v26.9 - https:\/\/yoast.com\/product\/yoast-seo-wordpress\/ -->\n<title>\u00bfQu\u00e9 es la gesti\u00f3n colectiva del derecho de autor?<\/title>\n<meta name=\"description\" content=\"\u00bfQu\u00e9 es la gesti\u00f3n colectiva del derecho de autor? APDAYC y las otras Asociaciones de Gesti\u00f3n Colectiva en el Per\u00fa.\" \/>\n<meta name=\"robots\" content=\"index, follow, max-snippet:-1, max-image-preview:large, max-video-preview:-1\" \/>\n<link rel=\"canonical\" href=\"https:\/\/estudiotarazona.com\/blog\/que-es-la-gestion-colectiva-del-derecho-de-autor-apdayc-y-las-otras-asociaciones-de-gestion-colectiva-en-el-peru\/\" \/>\n<meta property=\"og:locale\" content=\"es_ES\" \/>\n<meta property=\"og:type\" content=\"article\" \/>\n<meta property=\"og:title\" content=\"\u00bfQu\u00e9 es la gesti\u00f3n colectiva del derecho de autor?\" \/>\n<meta property=\"og:description\" content=\"\u00bfQu\u00e9 es la gesti\u00f3n colectiva del derecho de autor? APDAYC y las otras Asociaciones de Gesti\u00f3n Colectiva en el Per\u00fa.\" \/>\n<meta property=\"og:url\" content=\"https:\/\/estudiotarazona.com\/blog\/que-es-la-gestion-colectiva-del-derecho-de-autor-apdayc-y-las-otras-asociaciones-de-gestion-colectiva-en-el-peru\/\" \/>\n<meta property=\"og:site_name\" content=\"Estudio Jur\u00eddico Tarazona &amp; Asociados\" \/>\n<meta property=\"article:published_time\" content=\"2023-07-03T18:33:22+00:00\" \/>\n<meta property=\"og:image\" content=\"https:\/\/estudiotarazona.com\/blog\/wp-content\/uploads\/2023\/07\/wepik-export-20230703183109yk7d.jpeg\" \/>\n\t<meta property=\"og:image:width\" content=\"1300\" \/>\n\t<meta property=\"og:image:height\" content=\"866\" \/>\n\t<meta property=\"og:image:type\" content=\"image\/jpeg\" \/>\n<meta name=\"author\" content=\"administracion@tarazonaabogados.com\" \/>\n<meta name=\"twitter:card\" content=\"summary_large_image\" \/>\n<meta name=\"twitter:label1\" content=\"Escrito por\" \/>\n\t<meta name=\"twitter:data1\" content=\"administracion@tarazonaabogados.com\" \/>\n\t<meta name=\"twitter:label2\" content=\"Tiempo de lectura\" \/>\n\t<meta name=\"twitter:data2\" content=\"4 minutos\" \/>\n<script type=\"application\/ld+json\" class=\"yoast-schema-graph\">{\"@context\":\"https:\/\/schema.org\",\"@graph\":[{\"@type\":\"Article\",\"@id\":\"https:\/\/estudiotarazona.com\/blog\/que-es-la-gestion-colectiva-del-derecho-de-autor-apdayc-y-las-otras-asociaciones-de-gestion-colectiva-en-el-peru\/#article\",\"isPartOf\":{\"@id\":\"https:\/\/estudiotarazona.com\/blog\/que-es-la-gestion-colectiva-del-derecho-de-autor-apdayc-y-las-otras-asociaciones-de-gestion-colectiva-en-el-peru\/\"},\"author\":{\"name\":\"administracion@tarazonaabogados.com\",\"@id\":\"https:\/\/estudiotarazona.com\/blog\/#\/schema\/person\/5616f02b9b737fbf567a6360978f6498\"},\"headline\":\"\u00bfQu\u00e9 es la gesti\u00f3n colectiva del derecho de autor? APDAYC y las otras Asociaciones de Gesti\u00f3n Colectiva en el Per\u00fa\",\"datePublished\":\"2023-07-03T18:33:22+00:00\",\"mainEntityOfPage\":{\"@id\":\"https:\/\/estudiotarazona.com\/blog\/que-es-la-gestion-colectiva-del-derecho-de-autor-apdayc-y-las-otras-asociaciones-de-gestion-colectiva-en-el-peru\/\"},\"wordCount\":707,\"commentCount\":0,\"image\":{\"@id\":\"https:\/\/estudiotarazona.com\/blog\/que-es-la-gestion-colectiva-del-derecho-de-autor-apdayc-y-las-otras-asociaciones-de-gestion-colectiva-en-el-peru\/#primaryimage\"},\"thumbnailUrl\":\"https:\/\/estudiotarazona.com\/blog\/wp-content\/uploads\/2023\/07\/wepik-export-20230703183109yk7d.jpeg\",\"articleSection\":[\"Propiedad intelectual\"],\"inLanguage\":\"es\",\"potentialAction\":[{\"@type\":\"CommentAction\",\"name\":\"Comment\",\"target\":[\"https:\/\/estudiotarazona.com\/blog\/que-es-la-gestion-colectiva-del-derecho-de-autor-apdayc-y-las-otras-asociaciones-de-gestion-colectiva-en-el-peru\/#respond\"]}]},{\"@type\":\"WebPage\",\"@id\":\"https:\/\/estudiotarazona.com\/blog\/que-es-la-gestion-colectiva-del-derecho-de-autor-apdayc-y-las-otras-asociaciones-de-gestion-colectiva-en-el-peru\/\",\"url\":\"https:\/\/estudiotarazona.com\/blog\/que-es-la-gestion-colectiva-del-derecho-de-autor-apdayc-y-las-otras-asociaciones-de-gestion-colectiva-en-el-peru\/\",\"name\":\"\u00bfQu\u00e9 es la gesti\u00f3n colectiva del derecho de autor?\",\"isPartOf\":{\"@id\":\"https:\/\/estudiotarazona.com\/blog\/#website\"},\"primaryImageOfPage\":{\"@id\":\"https:\/\/estudiotarazona.com\/blog\/que-es-la-gestion-colectiva-del-derecho-de-autor-apdayc-y-las-otras-asociaciones-de-gestion-colectiva-en-el-peru\/#primaryimage\"},\"image\":{\"@id\":\"https:\/\/estudiotarazona.com\/blog\/que-es-la-gestion-colectiva-del-derecho-de-autor-apdayc-y-las-otras-asociaciones-de-gestion-colectiva-en-el-peru\/#primaryimage\"},\"thumbnailUrl\":\"https:\/\/estudiotarazona.com\/blog\/wp-content\/uploads\/2023\/07\/wepik-export-20230703183109yk7d.jpeg\",\"datePublished\":\"2023-07-03T18:33:22+00:00\",\"author\":{\"@id\":\"https:\/\/estudiotarazona.com\/blog\/#\/schema\/person\/5616f02b9b737fbf567a6360978f6498\"},\"description\":\"\u00bfQu\u00e9 es la gesti\u00f3n colectiva del derecho de autor? APDAYC y las otras Asociaciones de Gesti\u00f3n Colectiva en el Per\u00fa.\",\"breadcrumb\":{\"@id\":\"https:\/\/estudiotarazona.com\/blog\/que-es-la-gestion-colectiva-del-derecho-de-autor-apdayc-y-las-otras-asociaciones-de-gestion-colectiva-en-el-peru\/#breadcrumb\"},\"inLanguage\":\"es\",\"potentialAction\":[{\"@type\":\"ReadAction\",\"target\":[\"https:\/\/estudiotarazona.com\/blog\/que-es-la-gestion-colectiva-del-derecho-de-autor-apdayc-y-las-otras-asociaciones-de-gestion-colectiva-en-el-peru\/\"]}]},{\"@type\":\"ImageObject\",\"inLanguage\":\"es\",\"@id\":\"https:\/\/estudiotarazona.com\/blog\/que-es-la-gestion-colectiva-del-derecho-de-autor-apdayc-y-las-otras-asociaciones-de-gestion-colectiva-en-el-peru\/#primaryimage\",\"url\":\"https:\/\/estudiotarazona.com\/blog\/wp-content\/uploads\/2023\/07\/wepik-export-20230703183109yk7d.jpeg\",\"contentUrl\":\"https:\/\/estudiotarazona.com\/blog\/wp-content\/uploads\/2023\/07\/wepik-export-20230703183109yk7d.jpeg\",\"width\":1300,\"height\":866},{\"@type\":\"BreadcrumbList\",\"@id\":\"https:\/\/estudiotarazona.com\/blog\/que-es-la-gestion-colectiva-del-derecho-de-autor-apdayc-y-las-otras-asociaciones-de-gestion-colectiva-en-el-peru\/#breadcrumb\",\"itemListElement\":[{\"@type\":\"ListItem\",\"position\":1,\"name\":\"Portada\",\"item\":\"https:\/\/estudiotarazona.com\/blog\/\"},{\"@type\":\"ListItem\",\"position\":2,\"name\":\"\u00bfQu\u00e9 es la gesti\u00f3n colectiva del derecho de autor? APDAYC y las otras Asociaciones de Gesti\u00f3n Colectiva en el Per\u00fa\"}]},{\"@type\":\"WebSite\",\"@id\":\"https:\/\/estudiotarazona.com\/blog\/#website\",\"url\":\"https:\/\/estudiotarazona.com\/blog\/\",\"name\":\"Estudio Jur\u00eddico Tarazona &amp; Asociados\",\"description\":\"Blog\",\"potentialAction\":[{\"@type\":\"SearchAction\",\"target\":{\"@type\":\"EntryPoint\",\"urlTemplate\":\"https:\/\/estudiotarazona.com\/blog\/?s={search_term_string}\"},\"query-input\":{\"@type\":\"PropertyValueSpecification\",\"valueRequired\":true,\"valueName\":\"search_term_string\"}}],\"inLanguage\":\"es\"},{\"@type\":\"Person\",\"@id\":\"https:\/\/estudiotarazona.com\/blog\/#\/schema\/person\/5616f02b9b737fbf567a6360978f6498\",\"name\":\"administracion@tarazonaabogados.com\",\"image\":{\"@type\":\"ImageObject\",\"inLanguage\":\"es\",\"@id\":\"https:\/\/estudiotarazona.com\/blog\/#\/schema\/person\/image\/\",\"url\":\"https:\/\/secure.gravatar.com\/avatar\/023f121de2f01f1538ca242fbda217cb2425e9ab19465a8048ceb513e97a139a?s=96&d=mm&r=g\",\"contentUrl\":\"https:\/\/secure.gravatar.com\/avatar\/023f121de2f01f1538ca242fbda217cb2425e9ab19465a8048ceb513e97a139a?s=96&d=mm&r=g\",\"caption\":\"administracion@tarazonaabogados.com\"},\"sameAs\":[\"https:\/\/estudiotarazona.com\/blog\"],\"url\":\"https:\/\/estudiotarazona.com\/blog\/author\/administraciontarazonaabogados-com\/\"}]}<\/script>\n<!-- \/ Yoast SEO plugin. -->","yoast_head_json":{"title":"\u00bfQu\u00e9 es la gesti\u00f3n colectiva del derecho de autor?","description":"\u00bfQu\u00e9 es la gesti\u00f3n colectiva del derecho de autor? APDAYC y las otras Asociaciones de Gesti\u00f3n Colectiva en el Per\u00fa.","robots":{"index":"index","follow":"follow","max-snippet":"max-snippet:-1","max-image-preview":"max-image-preview:large","max-video-preview":"max-video-preview:-1"},"canonical":"https:\/\/estudiotarazona.com\/blog\/que-es-la-gestion-colectiva-del-derecho-de-autor-apdayc-y-las-otras-asociaciones-de-gestion-colectiva-en-el-peru\/","og_locale":"es_ES","og_type":"article","og_title":"\u00bfQu\u00e9 es la gesti\u00f3n colectiva del derecho de autor?","og_description":"\u00bfQu\u00e9 es la gesti\u00f3n colectiva del derecho de autor? APDAYC y las otras Asociaciones de Gesti\u00f3n Colectiva en el Per\u00fa.","og_url":"https:\/\/estudiotarazona.com\/blog\/que-es-la-gestion-colectiva-del-derecho-de-autor-apdayc-y-las-otras-asociaciones-de-gestion-colectiva-en-el-peru\/","og_site_name":"Estudio Jur\u00eddico Tarazona &amp; Asociados","article_published_time":"2023-07-03T18:33:22+00:00","og_image":[{"width":1300,"height":866,"url":"https:\/\/estudiotarazona.com\/blog\/wp-content\/uploads\/2023\/07\/wepik-export-20230703183109yk7d.jpeg","type":"image\/jpeg"}],"author":"administracion@tarazonaabogados.com","twitter_card":"summary_large_image","twitter_misc":{"Escrito por":"administracion@tarazonaabogados.com","Tiempo de lectura":"4 minutos"},"schema":{"@context":"https:\/\/schema.org","@graph":[{"@type":"Article","@id":"https:\/\/estudiotarazona.com\/blog\/que-es-la-gestion-colectiva-del-derecho-de-autor-apdayc-y-las-otras-asociaciones-de-gestion-colectiva-en-el-peru\/#article","isPartOf":{"@id":"https:\/\/estudiotarazona.com\/blog\/que-es-la-gestion-colectiva-del-derecho-de-autor-apdayc-y-las-otras-asociaciones-de-gestion-colectiva-en-el-peru\/"},"author":{"name":"administracion@tarazonaabogados.com","@id":"https:\/\/estudiotarazona.com\/blog\/#\/schema\/person\/5616f02b9b737fbf567a6360978f6498"},"headline":"\u00bfQu\u00e9 es la gesti\u00f3n colectiva del derecho de autor? APDAYC y las otras Asociaciones de Gesti\u00f3n Colectiva en el Per\u00fa","datePublished":"2023-07-03T18:33:22+00:00","mainEntityOfPage":{"@id":"https:\/\/estudiotarazona.com\/blog\/que-es-la-gestion-colectiva-del-derecho-de-autor-apdayc-y-las-otras-asociaciones-de-gestion-colectiva-en-el-peru\/"},"wordCount":707,"commentCount":0,"image":{"@id":"https:\/\/estudiotarazona.com\/blog\/que-es-la-gestion-colectiva-del-derecho-de-autor-apdayc-y-las-otras-asociaciones-de-gestion-colectiva-en-el-peru\/#primaryimage"},"thumbnailUrl":"https:\/\/estudiotarazona.com\/blog\/wp-content\/uploads\/2023\/07\/wepik-export-20230703183109yk7d.jpeg","articleSection":["Propiedad intelectual"],"inLanguage":"es","potentialAction":[{"@type":"CommentAction","name":"Comment","target":["https:\/\/estudiotarazona.com\/blog\/que-es-la-gestion-colectiva-del-derecho-de-autor-apdayc-y-las-otras-asociaciones-de-gestion-colectiva-en-el-peru\/#respond"]}]},{"@type":"WebPage","@id":"https:\/\/estudiotarazona.com\/blog\/que-es-la-gestion-colectiva-del-derecho-de-autor-apdayc-y-las-otras-asociaciones-de-gestion-colectiva-en-el-peru\/","url":"https:\/\/estudiotarazona.com\/blog\/que-es-la-gestion-colectiva-del-derecho-de-autor-apdayc-y-las-otras-asociaciones-de-gestion-colectiva-en-el-peru\/","name":"\u00bfQu\u00e9 es la gesti\u00f3n colectiva del derecho de autor?","isPartOf":{"@id":"https:\/\/estudiotarazona.com\/blog\/#website"},"primaryImageOfPage":{"@id":"https:\/\/estudiotarazona.com\/blog\/que-es-la-gestion-colectiva-del-derecho-de-autor-apdayc-y-las-otras-asociaciones-de-gestion-colectiva-en-el-peru\/#primaryimage"},"image":{"@id":"https:\/\/estudiotarazona.com\/blog\/que-es-la-gestion-colectiva-del-derecho-de-autor-apdayc-y-las-otras-asociaciones-de-gestion-colectiva-en-el-peru\/#primaryimage"},"thumbnailUrl":"https:\/\/estudiotarazona.com\/blog\/wp-content\/uploads\/2023\/07\/wepik-export-20230703183109yk7d.jpeg","datePublished":"2023-07-03T18:33:22+00:00","author":{"@id":"https:\/\/estudiotarazona.com\/blog\/#\/schema\/person\/5616f02b9b737fbf567a6360978f6498"},"description":"\u00bfQu\u00e9 es la gesti\u00f3n colectiva del derecho de autor? APDAYC y las otras Asociaciones de Gesti\u00f3n Colectiva en el Per\u00fa.","breadcrumb":{"@id":"https:\/\/estudiotarazona.com\/blog\/que-es-la-gestion-colectiva-del-derecho-de-autor-apdayc-y-las-otras-asociaciones-de-gestion-colectiva-en-el-peru\/#breadcrumb"},"inLanguage":"es","potentialAction":[{"@type":"ReadAction","target":["https:\/\/estudiotarazona.com\/blog\/que-es-la-gestion-colectiva-del-derecho-de-autor-apdayc-y-las-otras-asociaciones-de-gestion-colectiva-en-el-peru\/"]}]},{"@type":"ImageObject","inLanguage":"es","@id":"https:\/\/estudiotarazona.com\/blog\/que-es-la-gestion-colectiva-del-derecho-de-autor-apdayc-y-las-otras-asociaciones-de-gestion-colectiva-en-el-peru\/#primaryimage","url":"https:\/\/estudiotarazona.com\/blog\/wp-content\/uploads\/2023\/07\/wepik-export-20230703183109yk7d.jpeg","contentUrl":"https:\/\/estudiotarazona.com\/blog\/wp-content\/uploads\/2023\/07\/wepik-export-20230703183109yk7d.jpeg","width":1300,"height":866},{"@type":"BreadcrumbList","@id":"https:\/\/estudiotarazona.com\/blog\/que-es-la-gestion-colectiva-del-derecho-de-autor-apdayc-y-las-otras-asociaciones-de-gestion-colectiva-en-el-peru\/#breadcrumb","itemListElement":[{"@type":"ListItem","position":1,"name":"Portada","item":"https:\/\/estudiotarazona.com\/blog\/"},{"@type":"ListItem","position":2,"name":"\u00bfQu\u00e9 es la gesti\u00f3n colectiva del derecho de autor? APDAYC y las otras Asociaciones de Gesti\u00f3n Colectiva en el Per\u00fa"}]},{"@type":"WebSite","@id":"https:\/\/estudiotarazona.com\/blog\/#website","url":"https:\/\/estudiotarazona.com\/blog\/","name":"Estudio Jur\u00eddico Tarazona &amp; Asociados","description":"Blog","potentialAction":[{"@type":"SearchAction","target":{"@type":"EntryPoint","urlTemplate":"https:\/\/estudiotarazona.com\/blog\/?s={search_term_string}"},"query-input":{"@type":"PropertyValueSpecification","valueRequired":true,"valueName":"search_term_string"}}],"inLanguage":"es"},{"@type":"Person","@id":"https:\/\/estudiotarazona.com\/blog\/#\/schema\/person\/5616f02b9b737fbf567a6360978f6498","name":"administracion@tarazonaabogados.com","image":{"@type":"ImageObject","inLanguage":"es","@id":"https:\/\/estudiotarazona.com\/blog\/#\/schema\/person\/image\/","url":"https:\/\/secure.gravatar.com\/avatar\/023f121de2f01f1538ca242fbda217cb2425e9ab19465a8048ceb513e97a139a?s=96&d=mm&r=g","contentUrl":"https:\/\/secure.gravatar.com\/avatar\/023f121de2f01f1538ca242fbda217cb2425e9ab19465a8048ceb513e97a139a?s=96&d=mm&r=g","caption":"administracion@tarazonaabogados.com"},"sameAs":["https:\/\/estudiotarazona.com\/blog"],"url":"https:\/\/estudiotarazona.com\/blog\/author\/administraciontarazonaabogados-com\/"}]}},"_links":{"self":[{"href":"https:\/\/estudiotarazona.com\/blog\/wp-json\/wp\/v2\/posts\/632","targetHints":{"allow":["GET"]}}],"collection":[{"href":"https:\/\/estudiotarazona.com\/blog\/wp-json\/wp\/v2\/posts"}],"about":[{"href":"https:\/\/estudiotarazona.com\/blog\/wp-json\/wp\/v2\/types\/post"}],"author":[{"embeddable":true,"href":"https:\/\/estudiotarazona.com\/blog\/wp-json\/wp\/v2\/users\/1"}],"replies":[{"embeddable":true,"href":"https:\/\/estudiotarazona.com\/blog\/wp-json\/wp\/v2\/comments?post=632"}],"version-history":[{"count":1,"href":"https:\/\/estudiotarazona.com\/blog\/wp-json\/wp\/v2\/posts\/632\/revisions"}],"predecessor-version":[{"id":634,"href":"https:\/\/estudiotarazona.com\/blog\/wp-json\/wp\/v2\/posts\/632\/revisions\/634"}],"wp:featuredmedia":[{"embeddable":true,"href":"https:\/\/estudiotarazona.com\/blog\/wp-json\/wp\/v2\/media\/633"}],"wp:attachment":[{"href":"https:\/\/estudiotarazona.com\/blog\/wp-json\/wp\/v2\/media?parent=632"}],"wp:term":[{"taxonomy":"category","embeddable":true,"href":"https:\/\/estudiotarazona.com\/blog\/wp-json\/wp\/v2\/categories?post=632"},{"taxonomy":"post_tag","embeddable":true,"href":"https:\/\/estudiotarazona.com\/blog\/wp-json\/wp\/v2\/tags?post=632"}],"curies":[{"name":"wp","href":"https:\/\/api.w.org\/{rel}","templated":true}]}}