{"id":577,"date":"2023-06-07T18:54:56","date_gmt":"2023-06-07T18:54:56","guid":{"rendered":"https:\/\/estudiotarazona.com\/blog\/?p=577"},"modified":"2023-06-07T18:54:56","modified_gmt":"2023-06-07T18:54:56","slug":"la-conciliacion-en-los-derechos-de-autor","status":"publish","type":"post","link":"https:\/\/estudiotarazona.com\/blog\/la-conciliacion-en-los-derechos-de-autor\/","title":{"rendered":"La Conciliaci\u00f3n en los Derechos de Autor"},"content":{"rendered":"<p style=\"text-align: justify;\">Si una persona desea hacer uso de una obra protegida por derechos de autor debe de previamente haber solicitado un permiso o licencia, asimismo, dicha autorizaci\u00f3n debe haber constado de manera expresa, pero \u00bfQu\u00e9 sucede cuando ello no ocurre?<\/p>\n<p style=\"text-align: justify;\">En tal sentido, la conciliaci\u00f3n forma parte de uno de los m\u00e9todos alternativos de soluci\u00f3n de conflictos (MARC\u2019s) donde se puede resolver una controversia susceptible de transacci\u00f3n y desistimiento, con la ayuda de un tercero imparcial a quien llamamos conciliador quien es el que propone diversas formas para llegar a un acuerdo. Este mecanismo permite que las partes que est\u00e1n en disputa, por ejemplo, si es que una de las partes no cumpli\u00f3 con pedir la autorizaci\u00f3n para el uso comercial de la composici\u00f3n musical de \u2018Contigo Per\u00fa\u2019 de Augusto Polo Campos, puedan solucionar sus diferencias sin necesidad de acudir a la v\u00eda ordinaria, y llegar a un acuerdo.<\/p>\n<p style=\"text-align: justify;\">Asimismo, \u00fanicamente son susceptibles de conciliaci\u00f3n dichas controversias que est\u00e9n bajo los derechos patrimoniales, es decir, aquellos que le permitan al autor hacer uso o prohibir a terceros sobre su obra intelectual puesto que los derechos morales son perpetuos, inalienables, inembargables e irrenunciables. Por otra parte, cabe se\u00f1alar que el art. 169 del D.L. 822 menciona que dentro de las funciones de la Oficina de Derechos de Autor est\u00e1 el de \u201cactuar como mediador, cuando as\u00ed lo soliciten las partes, o llamarlas a conciliaci\u00f3n, en los conflictos de goce o de ejercicio de los derechos mencionados en la ley\u201d.<\/p>\n<p style=\"text-align: justify;\">Un ejemplo claro de como la conciliaci\u00f3n es la alternativa m\u00e1s adecuada y que sea necesario que se llegue a cabo antes que el autor de la obra decida llevarlo a la v\u00eda ordinaria es caso del periodista gr\u00e1fico Daniel Morel quien public\u00f3 im\u00e1genes del terremoto de Hait\u00ed en la red social de Twitter jam\u00e1s cont\u00f3 con que la agencia de noticias AFP (Agence France-Presse) observara sus fotos y las usara sin la debida licencia, asiendo pensar al resto de sus lectores que hab\u00edan sido tomado por ellos mismos. A su vez, otra persona disemino el trabajo de Morel usando Getty Images y estas fueron vendidas m\u00e1s de 820 veces a otros medios, sin que el fot\u00f3grafo recibiera remuneraci\u00f3n alguna. Tras lo ocurrido, Morel denuncio y la Corte Federal de New York, se\u00f1alo que efectivamente las fotos fueron usadas sin autorizaci\u00f3n y determinaron que Getty alter\u00f3 deliberadamente la informaci\u00f3n del origen de la foto, consecuentemente, Getty Images y AFP tuvieron que pagar $1,2 millones de indemnizaci\u00f3n. Siendo la compensaci\u00f3n m\u00e1s alta por uso no autorizado de im\u00e1genes en plata forma digital en Twitter.<\/p>\n<p style=\"text-align: justify;\">Por lo que, la conciliaci\u00f3n es una alternativa adecuada que debe darse en el momento oportuno esto es cuando tenemos conocimiento que estamos infringiendo derechos de autor o cuando nos llegue la carta notarial, ambos momentos son clave porque si decidimos ignorarlo entonces el autor podr\u00eda pensar que estamos minimizando sus derechos de autor, como si estos no tuvieran la importancia debida, lo que lo llevar\u00eda a denunciarnos ante Indecopi donde puede que el monto a pagar por infracci\u00f3n sea mayor al que nos hubiera tocado pagar de haber realizado la conciliaci\u00f3n, adem\u00e1s de obtener una terrible reputaci\u00f3n frente a la sociedad y perder oportunidades de negocio con otros autores que no querr\u00e1n correr el riesgo.<\/p>\n<p style=\"text-align: justify;\">Si tienes mas consultas sobre los beneficios de una marca certificada, escr\u00edbenos aqu\u00ed:\u00a0<a href=\"https:\/\/bit.ly\/Consultor\u00eda20minRM\" target=\"_blank\" rel=\"noopener\">Estudio Tarazona y Asociados<\/a> o al 957 703 948.<\/p>\n<p style=\"text-align: justify;\">Tenemos m\u00e1s art\u00edculos sobre propiedad intelectual en nuestro <a href=\"https:\/\/estudiotarazona.com\/blog\/\">blog<\/a>.<\/p>\n<p><a href=\"https:\/\/api.whatsapp.com\/send\/?phone=51957703948&amp;text=Hola%2C+quiero+agendar+la+consultor%C3%ADa+gratuita+de+20+minutos+sobre+Registro+de+Marca%2C+mi+nombre+es&amp;type=phone_number&amp;app_absent=0\" target=\"_blank\" rel=\"noopener\"><img loading=\"lazy\" decoding=\"async\" class=\"aligncenter wp-image-173 size-full\" src=\"https:\/\/estudiotarazona.com\/blog\/wp-content\/uploads\/2022\/07\/banner-arti-6-1024x512-1.png\" alt=\"Derechos de Autor\" width=\"1024\" height=\"512\" srcset=\"https:\/\/estudiotarazona.com\/blog\/wp-content\/uploads\/2022\/07\/banner-arti-6-1024x512-1.png 1024w, https:\/\/estudiotarazona.com\/blog\/wp-content\/uploads\/2022\/07\/banner-arti-6-1024x512-1-300x150.png 300w, https:\/\/estudiotarazona.com\/blog\/wp-content\/uploads\/2022\/07\/banner-arti-6-1024x512-1-768x384.png 768w, https:\/\/estudiotarazona.com\/blog\/wp-content\/uploads\/2022\/07\/banner-arti-6-1024x512-1-696x348.png 696w, https:\/\/estudiotarazona.com\/blog\/wp-content\/uploads\/2022\/07\/banner-arti-6-1024x512-1-840x420.png 840w\" sizes=\"auto, (max-width: 1024px) 100vw, 1024px\" \/><\/a><\/p>\n<p>&nbsp;<\/p>\n","protected":false},"excerpt":{"rendered":"<p>Si una persona desea hacer uso de una obra protegida por derechos de autor debe de previamente haber solicitado un permiso o licencia, asimismo, dicha autorizaci\u00f3n debe haber constado de manera expresa, pero \u00bfQu\u00e9 sucede cuando ello no ocurre? En tal sentido, la conciliaci\u00f3n forma parte de uno de los m\u00e9todos alternativos de soluci\u00f3n de [&hellip;]<\/p>\n","protected":false},"author":1,"featured_media":578,"comment_status":"open","ping_status":"open","sticky":false,"template":"","format":"standard","meta":{"footnotes":""},"categories":[17],"tags":[],"class_list":{"0":"post-577","1":"post","2":"type-post","3":"status-publish","4":"format-standard","5":"has-post-thumbnail","7":"category-propiedad-intelectual"},"yoast_head":"<!-- This site is optimized with the Yoast SEO plugin v26.9 - https:\/\/yoast.com\/product\/yoast-seo-wordpress\/ -->\n<title>La Conciliaci\u00f3n en los Derechos de Autor<\/title>\n<meta name=\"description\" content=\"La Conciliaci\u00f3n en los Derechos de Autor, en este articulo que contamos lo que necesitas saber al respecto.\" \/>\n<meta name=\"robots\" content=\"index, follow, max-snippet:-1, max-image-preview:large, max-video-preview:-1\" \/>\n<link rel=\"canonical\" href=\"https:\/\/estudiotarazona.com\/blog\/la-conciliacion-en-los-derechos-de-autor\/\" \/>\n<meta property=\"og:locale\" content=\"es_ES\" \/>\n<meta property=\"og:type\" content=\"article\" \/>\n<meta property=\"og:title\" content=\"La Conciliaci\u00f3n en los Derechos de Autor\" \/>\n<meta property=\"og:description\" content=\"La Conciliaci\u00f3n en los Derechos de Autor, en este articulo que contamos lo que necesitas saber al respecto.\" \/>\n<meta property=\"og:url\" content=\"https:\/\/estudiotarazona.com\/blog\/la-conciliacion-en-los-derechos-de-autor\/\" \/>\n<meta property=\"og:site_name\" content=\"Estudio Jur\u00eddico Tarazona &amp; Asociados\" \/>\n<meta property=\"article:published_time\" content=\"2023-06-07T18:54:56+00:00\" \/>\n<meta property=\"og:image\" content=\"https:\/\/estudiotarazona.com\/blog\/wp-content\/uploads\/2023\/06\/hank-shake-continue-today-main-200403.jpg\" \/>\n\t<meta property=\"og:image:width\" content=\"2400\" \/>\n\t<meta property=\"og:image:height\" content=\"1200\" \/>\n\t<meta property=\"og:image:type\" content=\"image\/jpeg\" \/>\n<meta name=\"author\" content=\"administracion@tarazonaabogados.com\" \/>\n<meta name=\"twitter:card\" content=\"summary_large_image\" \/>\n<meta name=\"twitter:label1\" content=\"Escrito por\" \/>\n\t<meta name=\"twitter:data1\" content=\"administracion@tarazonaabogados.com\" \/>\n\t<meta name=\"twitter:label2\" content=\"Tiempo de lectura\" \/>\n\t<meta name=\"twitter:data2\" content=\"3 minutos\" \/>\n<script type=\"application\/ld+json\" class=\"yoast-schema-graph\">{\"@context\":\"https:\/\/schema.org\",\"@graph\":[{\"@type\":\"Article\",\"@id\":\"https:\/\/estudiotarazona.com\/blog\/la-conciliacion-en-los-derechos-de-autor\/#article\",\"isPartOf\":{\"@id\":\"https:\/\/estudiotarazona.com\/blog\/la-conciliacion-en-los-derechos-de-autor\/\"},\"author\":{\"name\":\"administracion@tarazonaabogados.com\",\"@id\":\"https:\/\/estudiotarazona.com\/blog\/#\/schema\/person\/5616f02b9b737fbf567a6360978f6498\"},\"headline\":\"La Conciliaci\u00f3n en los Derechos de Autor\",\"datePublished\":\"2023-06-07T18:54:56+00:00\",\"mainEntityOfPage\":{\"@id\":\"https:\/\/estudiotarazona.com\/blog\/la-conciliacion-en-los-derechos-de-autor\/\"},\"wordCount\":622,\"commentCount\":0,\"image\":{\"@id\":\"https:\/\/estudiotarazona.com\/blog\/la-conciliacion-en-los-derechos-de-autor\/#primaryimage\"},\"thumbnailUrl\":\"https:\/\/estudiotarazona.com\/blog\/wp-content\/uploads\/2023\/06\/hank-shake-continue-today-main-200403.jpg\",\"articleSection\":[\"Propiedad intelectual\"],\"inLanguage\":\"es\",\"potentialAction\":[{\"@type\":\"CommentAction\",\"name\":\"Comment\",\"target\":[\"https:\/\/estudiotarazona.com\/blog\/la-conciliacion-en-los-derechos-de-autor\/#respond\"]}]},{\"@type\":\"WebPage\",\"@id\":\"https:\/\/estudiotarazona.com\/blog\/la-conciliacion-en-los-derechos-de-autor\/\",\"url\":\"https:\/\/estudiotarazona.com\/blog\/la-conciliacion-en-los-derechos-de-autor\/\",\"name\":\"La Conciliaci\u00f3n en los Derechos de Autor\",\"isPartOf\":{\"@id\":\"https:\/\/estudiotarazona.com\/blog\/#website\"},\"primaryImageOfPage\":{\"@id\":\"https:\/\/estudiotarazona.com\/blog\/la-conciliacion-en-los-derechos-de-autor\/#primaryimage\"},\"image\":{\"@id\":\"https:\/\/estudiotarazona.com\/blog\/la-conciliacion-en-los-derechos-de-autor\/#primaryimage\"},\"thumbnailUrl\":\"https:\/\/estudiotarazona.com\/blog\/wp-content\/uploads\/2023\/06\/hank-shake-continue-today-main-200403.jpg\",\"datePublished\":\"2023-06-07T18:54:56+00:00\",\"author\":{\"@id\":\"https:\/\/estudiotarazona.com\/blog\/#\/schema\/person\/5616f02b9b737fbf567a6360978f6498\"},\"description\":\"La Conciliaci\u00f3n en los Derechos de Autor, en este articulo que contamos lo que necesitas saber al respecto.\",\"breadcrumb\":{\"@id\":\"https:\/\/estudiotarazona.com\/blog\/la-conciliacion-en-los-derechos-de-autor\/#breadcrumb\"},\"inLanguage\":\"es\",\"potentialAction\":[{\"@type\":\"ReadAction\",\"target\":[\"https:\/\/estudiotarazona.com\/blog\/la-conciliacion-en-los-derechos-de-autor\/\"]}]},{\"@type\":\"ImageObject\",\"inLanguage\":\"es\",\"@id\":\"https:\/\/estudiotarazona.com\/blog\/la-conciliacion-en-los-derechos-de-autor\/#primaryimage\",\"url\":\"https:\/\/estudiotarazona.com\/blog\/wp-content\/uploads\/2023\/06\/hank-shake-continue-today-main-200403.jpg\",\"contentUrl\":\"https:\/\/estudiotarazona.com\/blog\/wp-content\/uploads\/2023\/06\/hank-shake-continue-today-main-200403.jpg\",\"width\":2400,\"height\":1200,\"caption\":\"Foto: Getty Images\"},{\"@type\":\"BreadcrumbList\",\"@id\":\"https:\/\/estudiotarazona.com\/blog\/la-conciliacion-en-los-derechos-de-autor\/#breadcrumb\",\"itemListElement\":[{\"@type\":\"ListItem\",\"position\":1,\"name\":\"Portada\",\"item\":\"https:\/\/estudiotarazona.com\/blog\/\"},{\"@type\":\"ListItem\",\"position\":2,\"name\":\"La Conciliaci\u00f3n en los Derechos de Autor\"}]},{\"@type\":\"WebSite\",\"@id\":\"https:\/\/estudiotarazona.com\/blog\/#website\",\"url\":\"https:\/\/estudiotarazona.com\/blog\/\",\"name\":\"Estudio Jur\u00eddico Tarazona &amp; Asociados\",\"description\":\"Blog\",\"potentialAction\":[{\"@type\":\"SearchAction\",\"target\":{\"@type\":\"EntryPoint\",\"urlTemplate\":\"https:\/\/estudiotarazona.com\/blog\/?s={search_term_string}\"},\"query-input\":{\"@type\":\"PropertyValueSpecification\",\"valueRequired\":true,\"valueName\":\"search_term_string\"}}],\"inLanguage\":\"es\"},{\"@type\":\"Person\",\"@id\":\"https:\/\/estudiotarazona.com\/blog\/#\/schema\/person\/5616f02b9b737fbf567a6360978f6498\",\"name\":\"administracion@tarazonaabogados.com\",\"image\":{\"@type\":\"ImageObject\",\"inLanguage\":\"es\",\"@id\":\"https:\/\/estudiotarazona.com\/blog\/#\/schema\/person\/image\/\",\"url\":\"https:\/\/secure.gravatar.com\/avatar\/023f121de2f01f1538ca242fbda217cb2425e9ab19465a8048ceb513e97a139a?s=96&d=mm&r=g\",\"contentUrl\":\"https:\/\/secure.gravatar.com\/avatar\/023f121de2f01f1538ca242fbda217cb2425e9ab19465a8048ceb513e97a139a?s=96&d=mm&r=g\",\"caption\":\"administracion@tarazonaabogados.com\"},\"sameAs\":[\"https:\/\/estudiotarazona.com\/blog\"],\"url\":\"https:\/\/estudiotarazona.com\/blog\/author\/administraciontarazonaabogados-com\/\"}]}<\/script>\n<!-- \/ Yoast SEO plugin. -->","yoast_head_json":{"title":"La Conciliaci\u00f3n en los Derechos de Autor","description":"La Conciliaci\u00f3n en los Derechos de Autor, en este articulo que contamos lo que necesitas saber al respecto.","robots":{"index":"index","follow":"follow","max-snippet":"max-snippet:-1","max-image-preview":"max-image-preview:large","max-video-preview":"max-video-preview:-1"},"canonical":"https:\/\/estudiotarazona.com\/blog\/la-conciliacion-en-los-derechos-de-autor\/","og_locale":"es_ES","og_type":"article","og_title":"La Conciliaci\u00f3n en los Derechos de Autor","og_description":"La Conciliaci\u00f3n en los Derechos de Autor, en este articulo que contamos lo que necesitas saber al respecto.","og_url":"https:\/\/estudiotarazona.com\/blog\/la-conciliacion-en-los-derechos-de-autor\/","og_site_name":"Estudio Jur\u00eddico Tarazona &amp; Asociados","article_published_time":"2023-06-07T18:54:56+00:00","og_image":[{"width":2400,"height":1200,"url":"https:\/\/estudiotarazona.com\/blog\/wp-content\/uploads\/2023\/06\/hank-shake-continue-today-main-200403.jpg","type":"image\/jpeg"}],"author":"administracion@tarazonaabogados.com","twitter_card":"summary_large_image","twitter_misc":{"Escrito por":"administracion@tarazonaabogados.com","Tiempo de lectura":"3 minutos"},"schema":{"@context":"https:\/\/schema.org","@graph":[{"@type":"Article","@id":"https:\/\/estudiotarazona.com\/blog\/la-conciliacion-en-los-derechos-de-autor\/#article","isPartOf":{"@id":"https:\/\/estudiotarazona.com\/blog\/la-conciliacion-en-los-derechos-de-autor\/"},"author":{"name":"administracion@tarazonaabogados.com","@id":"https:\/\/estudiotarazona.com\/blog\/#\/schema\/person\/5616f02b9b737fbf567a6360978f6498"},"headline":"La Conciliaci\u00f3n en los Derechos de Autor","datePublished":"2023-06-07T18:54:56+00:00","mainEntityOfPage":{"@id":"https:\/\/estudiotarazona.com\/blog\/la-conciliacion-en-los-derechos-de-autor\/"},"wordCount":622,"commentCount":0,"image":{"@id":"https:\/\/estudiotarazona.com\/blog\/la-conciliacion-en-los-derechos-de-autor\/#primaryimage"},"thumbnailUrl":"https:\/\/estudiotarazona.com\/blog\/wp-content\/uploads\/2023\/06\/hank-shake-continue-today-main-200403.jpg","articleSection":["Propiedad intelectual"],"inLanguage":"es","potentialAction":[{"@type":"CommentAction","name":"Comment","target":["https:\/\/estudiotarazona.com\/blog\/la-conciliacion-en-los-derechos-de-autor\/#respond"]}]},{"@type":"WebPage","@id":"https:\/\/estudiotarazona.com\/blog\/la-conciliacion-en-los-derechos-de-autor\/","url":"https:\/\/estudiotarazona.com\/blog\/la-conciliacion-en-los-derechos-de-autor\/","name":"La Conciliaci\u00f3n en los Derechos de Autor","isPartOf":{"@id":"https:\/\/estudiotarazona.com\/blog\/#website"},"primaryImageOfPage":{"@id":"https:\/\/estudiotarazona.com\/blog\/la-conciliacion-en-los-derechos-de-autor\/#primaryimage"},"image":{"@id":"https:\/\/estudiotarazona.com\/blog\/la-conciliacion-en-los-derechos-de-autor\/#primaryimage"},"thumbnailUrl":"https:\/\/estudiotarazona.com\/blog\/wp-content\/uploads\/2023\/06\/hank-shake-continue-today-main-200403.jpg","datePublished":"2023-06-07T18:54:56+00:00","author":{"@id":"https:\/\/estudiotarazona.com\/blog\/#\/schema\/person\/5616f02b9b737fbf567a6360978f6498"},"description":"La Conciliaci\u00f3n en los Derechos de Autor, en este articulo que contamos lo que necesitas saber al respecto.","breadcrumb":{"@id":"https:\/\/estudiotarazona.com\/blog\/la-conciliacion-en-los-derechos-de-autor\/#breadcrumb"},"inLanguage":"es","potentialAction":[{"@type":"ReadAction","target":["https:\/\/estudiotarazona.com\/blog\/la-conciliacion-en-los-derechos-de-autor\/"]}]},{"@type":"ImageObject","inLanguage":"es","@id":"https:\/\/estudiotarazona.com\/blog\/la-conciliacion-en-los-derechos-de-autor\/#primaryimage","url":"https:\/\/estudiotarazona.com\/blog\/wp-content\/uploads\/2023\/06\/hank-shake-continue-today-main-200403.jpg","contentUrl":"https:\/\/estudiotarazona.com\/blog\/wp-content\/uploads\/2023\/06\/hank-shake-continue-today-main-200403.jpg","width":2400,"height":1200,"caption":"Foto: Getty Images"},{"@type":"BreadcrumbList","@id":"https:\/\/estudiotarazona.com\/blog\/la-conciliacion-en-los-derechos-de-autor\/#breadcrumb","itemListElement":[{"@type":"ListItem","position":1,"name":"Portada","item":"https:\/\/estudiotarazona.com\/blog\/"},{"@type":"ListItem","position":2,"name":"La Conciliaci\u00f3n en los Derechos de Autor"}]},{"@type":"WebSite","@id":"https:\/\/estudiotarazona.com\/blog\/#website","url":"https:\/\/estudiotarazona.com\/blog\/","name":"Estudio Jur\u00eddico Tarazona &amp; Asociados","description":"Blog","potentialAction":[{"@type":"SearchAction","target":{"@type":"EntryPoint","urlTemplate":"https:\/\/estudiotarazona.com\/blog\/?s={search_term_string}"},"query-input":{"@type":"PropertyValueSpecification","valueRequired":true,"valueName":"search_term_string"}}],"inLanguage":"es"},{"@type":"Person","@id":"https:\/\/estudiotarazona.com\/blog\/#\/schema\/person\/5616f02b9b737fbf567a6360978f6498","name":"administracion@tarazonaabogados.com","image":{"@type":"ImageObject","inLanguage":"es","@id":"https:\/\/estudiotarazona.com\/blog\/#\/schema\/person\/image\/","url":"https:\/\/secure.gravatar.com\/avatar\/023f121de2f01f1538ca242fbda217cb2425e9ab19465a8048ceb513e97a139a?s=96&d=mm&r=g","contentUrl":"https:\/\/secure.gravatar.com\/avatar\/023f121de2f01f1538ca242fbda217cb2425e9ab19465a8048ceb513e97a139a?s=96&d=mm&r=g","caption":"administracion@tarazonaabogados.com"},"sameAs":["https:\/\/estudiotarazona.com\/blog"],"url":"https:\/\/estudiotarazona.com\/blog\/author\/administraciontarazonaabogados-com\/"}]}},"_links":{"self":[{"href":"https:\/\/estudiotarazona.com\/blog\/wp-json\/wp\/v2\/posts\/577","targetHints":{"allow":["GET"]}}],"collection":[{"href":"https:\/\/estudiotarazona.com\/blog\/wp-json\/wp\/v2\/posts"}],"about":[{"href":"https:\/\/estudiotarazona.com\/blog\/wp-json\/wp\/v2\/types\/post"}],"author":[{"embeddable":true,"href":"https:\/\/estudiotarazona.com\/blog\/wp-json\/wp\/v2\/users\/1"}],"replies":[{"embeddable":true,"href":"https:\/\/estudiotarazona.com\/blog\/wp-json\/wp\/v2\/comments?post=577"}],"version-history":[{"count":1,"href":"https:\/\/estudiotarazona.com\/blog\/wp-json\/wp\/v2\/posts\/577\/revisions"}],"predecessor-version":[{"id":579,"href":"https:\/\/estudiotarazona.com\/blog\/wp-json\/wp\/v2\/posts\/577\/revisions\/579"}],"wp:featuredmedia":[{"embeddable":true,"href":"https:\/\/estudiotarazona.com\/blog\/wp-json\/wp\/v2\/media\/578"}],"wp:attachment":[{"href":"https:\/\/estudiotarazona.com\/blog\/wp-json\/wp\/v2\/media?parent=577"}],"wp:term":[{"taxonomy":"category","embeddable":true,"href":"https:\/\/estudiotarazona.com\/blog\/wp-json\/wp\/v2\/categories?post=577"},{"taxonomy":"post_tag","embeddable":true,"href":"https:\/\/estudiotarazona.com\/blog\/wp-json\/wp\/v2\/tags?post=577"}],"curies":[{"name":"wp","href":"https:\/\/api.w.org\/{rel}","templated":true}]}}