{"id":383,"date":"2022-07-27T18:18:35","date_gmt":"2022-07-27T18:18:35","guid":{"rendered":"https:\/\/estudiotarazona.com\/blog\/?p=383"},"modified":"2022-08-10T16:51:35","modified_gmt":"2022-08-10T16:51:35","slug":"por-que-indecopi-rechazo-el-registro-de-la-marca-telegram-en-peru","status":"publish","type":"post","link":"https:\/\/estudiotarazona.com\/blog\/por-que-indecopi-rechazo-el-registro-de-la-marca-telegram-en-peru\/","title":{"rendered":"\u00bfPor qu\u00e9 Indecopi rechaz\u00f3 el registro de la marca \u201cTelegram\u201d en Per\u00fa?"},"content":{"rendered":"<p style=\"text-align: justify;\">Mediante la Resoluci\u00f3n de primera instancia N\u00b017013-2021\/DSD el Indecopi rechaz\u00f3 el registro de la marca \u201cTelegram\u201d interpuesta por la empresa multinacional Telegram FZ-LLC, Emiratos \u00c1rabes Unidos, por carecer de aptitud distintiva.<\/p>\n<p style=\"text-align: justify;\">La presente resoluci\u00f3n se emiti\u00f3 a ra\u00edz de que la empresa multinacional solicitara el registro de la denominaci\u00f3n \u201cTelegram\u201d en la clase 9 de la Clasificaci\u00f3n Internacional para distinguir aparatos e instrumentos cient\u00edficos, n\u00e1uticos, geod\u00e9sicos, fotogr\u00e1ficos, cinematogr\u00e1ficos, \u00f3pticos, de pesaje, de medici\u00f3n, de se\u00f1alizaci\u00f3n, de control (inspecci\u00f3n), de salvamento y de ense\u00f1anza; aparatos e instrumentos de conducci\u00f3n, distribuci\u00f3n, transformaci\u00f3n, acumulaci\u00f3n, regulaci\u00f3n o control de la electricidad; aparatos de grabaci\u00f3n, transmisi\u00f3n o reproducci\u00f3n de sonido o im\u00e1genes; soportes de registro magn\u00e9ticos, discos ac\u00fasticos; discos compactos, DVD y otros soportes de grabaci\u00f3n digitales; mecanismos para aparatos de previo pago; cajas registradoras, m\u00e1quinas de calcular, equipos de procesamiento de datos, ordenadores; software; extintores.<\/p>\n<p style=\"text-align: justify;\">Ante ello, el Indecopi se\u00f1al\u00f3 que la denominaci\u00f3n \u201cTelegram\u201d podr\u00eda ocasionar que el consumidor no distinga que la marca hace referencia a una empresa dedicada al desarrollo de software, medio de comunicaci\u00f3n, entre otros servicios tecnol\u00f3gicos. Asimismo, argument\u00f3 que \u201cTelegram\u201d proviene de la palabra \u201ctelegrama\u201d, el cual eran mensajes concisos y r\u00e1pidos que se enviaba por tel\u00e9grafos, por lo que la denominaci\u00f3n que se pretende registrar, no guardar\u00eda relaci\u00f3n con los servicios y productos que la empresa ofrece, careciendo de aptitud distintiva.<\/p>\n<p style=\"text-align: justify;\">Recordemos que la aptitud distintiva, es aquel requisito de registrabilidad que exige tener en cuenta la relaci\u00f3n entre el signo distintivo que se pretende registrar y el servicio o producto que se quiere distinguir, y a su vez, que este se diferencie con otros productos y servicios que se oferten en el mercado.<\/p>\n<p style=\"text-align: justify;\">Ante tal decisi\u00f3n, la empresa solicitante apel\u00f3 la resoluci\u00f3n de primera instancia y argument\u00f3 que la denominaci\u00f3n \u201cTelegram\u201d fue elegida, precisamente, para revivir el t\u00e9rmino que durante a\u00f1os fue asociado a un medio de comunicaci\u00f3n. Asimismo, alegaron que la denominaci\u00f3n \u201cTelegram\u201d ha sido registrada en la clase 9 de la Clasificaci\u00f3n Internacional en diversos pa\u00edses del mundo, logrando en cada uno de ellos registros exitosos.<\/p>\n<p style=\"text-align: justify;\">Es as\u00ed como en segunda instancia, la Comisi\u00f3n de Signos Distintivos emiti\u00f3 la Resoluci\u00f3n N\u00ba0024-2022\/CSD, alegando que la denominaci\u00f3n \u201cTelegram\u201d es un signo capaz de ser asociado con los productos y servicios que la empresa pretende distinguir, y no solo ello, sino que tambi\u00e9n es capaz de diferenciar los mismos de aquellos que ofrecen los competidores en el mercado.<\/p>\n<p style=\"text-align: justify;\">Teniendo ello en cuenta, la entidad decidi\u00f3 revocar la resoluci\u00f3n que denegaba el registro de la marca \u201cTelegram\u201d, ordenando que la primera instancia emita un nuevo pronunciamiento y eval\u00fae si el signo solicitado se encuentra incurso en alguna prohibici\u00f3n de registro.<\/p>\n<p>Cons\u00faltanos tus dudas sin ning\u00fan problema en el <a href=\"https:\/\/bit.ly\/Consultor\u00eda20minRM\" target=\"_blank\" rel=\"noopener\">Estudio Tarazona y Asociados<\/a>.<\/p>\n<p>M\u00e1s art\u00edculos sobre propiedad intelectual en nuestro <a href=\"https:\/\/estudiotarazona.com\/blog\/\">blog<\/a>.<\/p>\n<figure id=\"attachment_384\" aria-describedby=\"caption-attachment-384\" style=\"width: 645px\" class=\"wp-caption aligncenter\"><img loading=\"lazy\" decoding=\"async\" class=\"wp-image-384 size-full\" title=\"registro de marca \" src=\"https:\/\/estudiotarazona.com\/blog\/wp-content\/uploads\/2022\/07\/WhatsApp-Image-2022-07-27-at-11.16.31-AM.jpeg\" alt=\" registro de marca \" width=\"645\" height=\"363\" srcset=\"https:\/\/estudiotarazona.com\/blog\/wp-content\/uploads\/2022\/07\/WhatsApp-Image-2022-07-27-at-11.16.31-AM.jpeg 645w, https:\/\/estudiotarazona.com\/blog\/wp-content\/uploads\/2022\/07\/WhatsApp-Image-2022-07-27-at-11.16.31-AM-300x169.jpeg 300w\" sizes=\"auto, (max-width: 645px) 100vw, 645px\" \/><figcaption id=\"caption-attachment-384\" class=\"wp-caption-text\">registro de marca<\/figcaption><\/figure>\n","protected":false},"excerpt":{"rendered":"<p>Mediante la Resoluci\u00f3n de primera instancia N\u00b017013-2021\/DSD el Indecopi rechaz\u00f3 el registro de la marca \u201cTelegram\u201d interpuesta por la empresa multinacional Telegram FZ-LLC, Emiratos \u00c1rabes Unidos, por carecer de aptitud distintiva. La presente resoluci\u00f3n se emiti\u00f3 a ra\u00edz de que la empresa multinacional solicitara el registro de la denominaci\u00f3n \u201cTelegram\u201d en la clase 9 de [&hellip;]<\/p>\n","protected":false},"author":1,"featured_media":385,"comment_status":"open","ping_status":"open","sticky":false,"template":"","format":"standard","meta":{"footnotes":""},"categories":[17],"tags":[],"class_list":{"0":"post-383","1":"post","2":"type-post","3":"status-publish","4":"format-standard","5":"has-post-thumbnail","7":"category-propiedad-intelectual"},"yoast_head":"<!-- This site is optimized with the Yoast SEO plugin v26.9 - https:\/\/yoast.com\/product\/yoast-seo-wordpress\/ -->\n<title>Indecopi rechaz\u00f3 el registro de la marca &quot;Telegram\u201d en Per\u00fa<\/title>\n<meta name=\"description\" content=\"Indecopi deneg\u00f3 el registro de la marca \u201cTelegram\u201d en Per\u00fa: Te contamos Todo lo que debes saber sobre el caso\" \/>\n<meta name=\"robots\" content=\"index, follow, max-snippet:-1, max-image-preview:large, max-video-preview:-1\" \/>\n<link rel=\"canonical\" href=\"https:\/\/estudiotarazona.com\/blog\/por-que-indecopi-rechazo-el-registro-de-la-marca-telegram-en-peru\/\" \/>\n<meta property=\"og:locale\" content=\"es_ES\" \/>\n<meta property=\"og:type\" content=\"article\" \/>\n<meta property=\"og:title\" content=\"Indecopi rechaz\u00f3 el registro de la marca &quot;Telegram\u201d en Per\u00fa\" \/>\n<meta property=\"og:description\" content=\"Indecopi deneg\u00f3 el registro de la marca \u201cTelegram\u201d en Per\u00fa: Te contamos Todo lo que debes saber sobre el caso\" \/>\n<meta property=\"og:url\" content=\"https:\/\/estudiotarazona.com\/blog\/por-que-indecopi-rechazo-el-registro-de-la-marca-telegram-en-peru\/\" \/>\n<meta property=\"og:site_name\" content=\"Estudio Jur\u00eddico Tarazona &amp; Asociados\" \/>\n<meta property=\"article:published_time\" content=\"2022-07-27T18:18:35+00:00\" \/>\n<meta property=\"article:modified_time\" content=\"2022-08-10T16:51:35+00:00\" \/>\n<meta property=\"og:image\" content=\"https:\/\/estudiotarazona.com\/blog\/wp-content\/uploads\/2022\/07\/WhatsApp-Image-2022-07-27-at-11.15.40-AM.jpeg\" \/>\n\t<meta property=\"og:image:width\" content=\"1280\" \/>\n\t<meta property=\"og:image:height\" content=\"672\" \/>\n\t<meta property=\"og:image:type\" content=\"image\/jpeg\" \/>\n<meta name=\"author\" content=\"administracion@tarazonaabogados.com\" \/>\n<meta name=\"twitter:card\" content=\"summary_large_image\" \/>\n<meta name=\"twitter:label1\" content=\"Escrito por\" \/>\n\t<meta name=\"twitter:data1\" content=\"administracion@tarazonaabogados.com\" \/>\n\t<meta name=\"twitter:label2\" content=\"Tiempo de lectura\" \/>\n\t<meta name=\"twitter:data2\" content=\"3 minutos\" \/>\n<script type=\"application\/ld+json\" class=\"yoast-schema-graph\">{\"@context\":\"https:\/\/schema.org\",\"@graph\":[{\"@type\":\"Article\",\"@id\":\"https:\/\/estudiotarazona.com\/blog\/por-que-indecopi-rechazo-el-registro-de-la-marca-telegram-en-peru\/#article\",\"isPartOf\":{\"@id\":\"https:\/\/estudiotarazona.com\/blog\/por-que-indecopi-rechazo-el-registro-de-la-marca-telegram-en-peru\/\"},\"author\":{\"name\":\"administracion@tarazonaabogados.com\",\"@id\":\"https:\/\/estudiotarazona.com\/blog\/#\/schema\/person\/5616f02b9b737fbf567a6360978f6498\"},\"headline\":\"\u00bfPor qu\u00e9 Indecopi rechaz\u00f3 el registro de la marca \u201cTelegram\u201d en Per\u00fa?\",\"datePublished\":\"2022-07-27T18:18:35+00:00\",\"dateModified\":\"2022-08-10T16:51:35+00:00\",\"mainEntityOfPage\":{\"@id\":\"https:\/\/estudiotarazona.com\/blog\/por-que-indecopi-rechazo-el-registro-de-la-marca-telegram-en-peru\/\"},\"wordCount\":544,\"commentCount\":0,\"image\":{\"@id\":\"https:\/\/estudiotarazona.com\/blog\/por-que-indecopi-rechazo-el-registro-de-la-marca-telegram-en-peru\/#primaryimage\"},\"thumbnailUrl\":\"https:\/\/estudiotarazona.com\/blog\/wp-content\/uploads\/2022\/07\/WhatsApp-Image-2022-07-27-at-11.15.40-AM.jpeg\",\"articleSection\":[\"Propiedad intelectual\"],\"inLanguage\":\"es\",\"potentialAction\":[{\"@type\":\"CommentAction\",\"name\":\"Comment\",\"target\":[\"https:\/\/estudiotarazona.com\/blog\/por-que-indecopi-rechazo-el-registro-de-la-marca-telegram-en-peru\/#respond\"]}]},{\"@type\":\"WebPage\",\"@id\":\"https:\/\/estudiotarazona.com\/blog\/por-que-indecopi-rechazo-el-registro-de-la-marca-telegram-en-peru\/\",\"url\":\"https:\/\/estudiotarazona.com\/blog\/por-que-indecopi-rechazo-el-registro-de-la-marca-telegram-en-peru\/\",\"name\":\"Indecopi rechaz\u00f3 el registro de la marca \\\"Telegram\u201d en Per\u00fa\",\"isPartOf\":{\"@id\":\"https:\/\/estudiotarazona.com\/blog\/#website\"},\"primaryImageOfPage\":{\"@id\":\"https:\/\/estudiotarazona.com\/blog\/por-que-indecopi-rechazo-el-registro-de-la-marca-telegram-en-peru\/#primaryimage\"},\"image\":{\"@id\":\"https:\/\/estudiotarazona.com\/blog\/por-que-indecopi-rechazo-el-registro-de-la-marca-telegram-en-peru\/#primaryimage\"},\"thumbnailUrl\":\"https:\/\/estudiotarazona.com\/blog\/wp-content\/uploads\/2022\/07\/WhatsApp-Image-2022-07-27-at-11.15.40-AM.jpeg\",\"datePublished\":\"2022-07-27T18:18:35+00:00\",\"dateModified\":\"2022-08-10T16:51:35+00:00\",\"author\":{\"@id\":\"https:\/\/estudiotarazona.com\/blog\/#\/schema\/person\/5616f02b9b737fbf567a6360978f6498\"},\"description\":\"Indecopi deneg\u00f3 el registro de la marca \u201cTelegram\u201d en Per\u00fa: Te contamos Todo lo que debes saber sobre el caso\",\"breadcrumb\":{\"@id\":\"https:\/\/estudiotarazona.com\/blog\/por-que-indecopi-rechazo-el-registro-de-la-marca-telegram-en-peru\/#breadcrumb\"},\"inLanguage\":\"es\",\"potentialAction\":[{\"@type\":\"ReadAction\",\"target\":[\"https:\/\/estudiotarazona.com\/blog\/por-que-indecopi-rechazo-el-registro-de-la-marca-telegram-en-peru\/\"]}]},{\"@type\":\"ImageObject\",\"inLanguage\":\"es\",\"@id\":\"https:\/\/estudiotarazona.com\/blog\/por-que-indecopi-rechazo-el-registro-de-la-marca-telegram-en-peru\/#primaryimage\",\"url\":\"https:\/\/estudiotarazona.com\/blog\/wp-content\/uploads\/2022\/07\/WhatsApp-Image-2022-07-27-at-11.15.40-AM.jpeg\",\"contentUrl\":\"https:\/\/estudiotarazona.com\/blog\/wp-content\/uploads\/2022\/07\/WhatsApp-Image-2022-07-27-at-11.15.40-AM.jpeg\",\"width\":1280,\"height\":672},{\"@type\":\"BreadcrumbList\",\"@id\":\"https:\/\/estudiotarazona.com\/blog\/por-que-indecopi-rechazo-el-registro-de-la-marca-telegram-en-peru\/#breadcrumb\",\"itemListElement\":[{\"@type\":\"ListItem\",\"position\":1,\"name\":\"Portada\",\"item\":\"https:\/\/estudiotarazona.com\/blog\/\"},{\"@type\":\"ListItem\",\"position\":2,\"name\":\"\u00bfPor qu\u00e9 Indecopi rechaz\u00f3 el registro de la marca \u201cTelegram\u201d en Per\u00fa?\"}]},{\"@type\":\"WebSite\",\"@id\":\"https:\/\/estudiotarazona.com\/blog\/#website\",\"url\":\"https:\/\/estudiotarazona.com\/blog\/\",\"name\":\"Estudio Jur\u00eddico Tarazona &amp; Asociados\",\"description\":\"Blog\",\"potentialAction\":[{\"@type\":\"SearchAction\",\"target\":{\"@type\":\"EntryPoint\",\"urlTemplate\":\"https:\/\/estudiotarazona.com\/blog\/?s={search_term_string}\"},\"query-input\":{\"@type\":\"PropertyValueSpecification\",\"valueRequired\":true,\"valueName\":\"search_term_string\"}}],\"inLanguage\":\"es\"},{\"@type\":\"Person\",\"@id\":\"https:\/\/estudiotarazona.com\/blog\/#\/schema\/person\/5616f02b9b737fbf567a6360978f6498\",\"name\":\"administracion@tarazonaabogados.com\",\"image\":{\"@type\":\"ImageObject\",\"inLanguage\":\"es\",\"@id\":\"https:\/\/estudiotarazona.com\/blog\/#\/schema\/person\/image\/\",\"url\":\"https:\/\/secure.gravatar.com\/avatar\/023f121de2f01f1538ca242fbda217cb2425e9ab19465a8048ceb513e97a139a?s=96&d=mm&r=g\",\"contentUrl\":\"https:\/\/secure.gravatar.com\/avatar\/023f121de2f01f1538ca242fbda217cb2425e9ab19465a8048ceb513e97a139a?s=96&d=mm&r=g\",\"caption\":\"administracion@tarazonaabogados.com\"},\"sameAs\":[\"https:\/\/estudiotarazona.com\/blog\"],\"url\":\"https:\/\/estudiotarazona.com\/blog\/author\/administraciontarazonaabogados-com\/\"}]}<\/script>\n<!-- \/ Yoast SEO plugin. -->","yoast_head_json":{"title":"Indecopi rechaz\u00f3 el registro de la marca \"Telegram\u201d en Per\u00fa","description":"Indecopi deneg\u00f3 el registro de la marca \u201cTelegram\u201d en Per\u00fa: Te contamos Todo lo que debes saber sobre el caso","robots":{"index":"index","follow":"follow","max-snippet":"max-snippet:-1","max-image-preview":"max-image-preview:large","max-video-preview":"max-video-preview:-1"},"canonical":"https:\/\/estudiotarazona.com\/blog\/por-que-indecopi-rechazo-el-registro-de-la-marca-telegram-en-peru\/","og_locale":"es_ES","og_type":"article","og_title":"Indecopi rechaz\u00f3 el registro de la marca \"Telegram\u201d en Per\u00fa","og_description":"Indecopi deneg\u00f3 el registro de la marca \u201cTelegram\u201d en Per\u00fa: Te contamos Todo lo que debes saber sobre el caso","og_url":"https:\/\/estudiotarazona.com\/blog\/por-que-indecopi-rechazo-el-registro-de-la-marca-telegram-en-peru\/","og_site_name":"Estudio Jur\u00eddico Tarazona &amp; Asociados","article_published_time":"2022-07-27T18:18:35+00:00","article_modified_time":"2022-08-10T16:51:35+00:00","og_image":[{"width":1280,"height":672,"url":"https:\/\/estudiotarazona.com\/blog\/wp-content\/uploads\/2022\/07\/WhatsApp-Image-2022-07-27-at-11.15.40-AM.jpeg","type":"image\/jpeg"}],"author":"administracion@tarazonaabogados.com","twitter_card":"summary_large_image","twitter_misc":{"Escrito por":"administracion@tarazonaabogados.com","Tiempo de lectura":"3 minutos"},"schema":{"@context":"https:\/\/schema.org","@graph":[{"@type":"Article","@id":"https:\/\/estudiotarazona.com\/blog\/por-que-indecopi-rechazo-el-registro-de-la-marca-telegram-en-peru\/#article","isPartOf":{"@id":"https:\/\/estudiotarazona.com\/blog\/por-que-indecopi-rechazo-el-registro-de-la-marca-telegram-en-peru\/"},"author":{"name":"administracion@tarazonaabogados.com","@id":"https:\/\/estudiotarazona.com\/blog\/#\/schema\/person\/5616f02b9b737fbf567a6360978f6498"},"headline":"\u00bfPor qu\u00e9 Indecopi rechaz\u00f3 el registro de la marca \u201cTelegram\u201d en Per\u00fa?","datePublished":"2022-07-27T18:18:35+00:00","dateModified":"2022-08-10T16:51:35+00:00","mainEntityOfPage":{"@id":"https:\/\/estudiotarazona.com\/blog\/por-que-indecopi-rechazo-el-registro-de-la-marca-telegram-en-peru\/"},"wordCount":544,"commentCount":0,"image":{"@id":"https:\/\/estudiotarazona.com\/blog\/por-que-indecopi-rechazo-el-registro-de-la-marca-telegram-en-peru\/#primaryimage"},"thumbnailUrl":"https:\/\/estudiotarazona.com\/blog\/wp-content\/uploads\/2022\/07\/WhatsApp-Image-2022-07-27-at-11.15.40-AM.jpeg","articleSection":["Propiedad intelectual"],"inLanguage":"es","potentialAction":[{"@type":"CommentAction","name":"Comment","target":["https:\/\/estudiotarazona.com\/blog\/por-que-indecopi-rechazo-el-registro-de-la-marca-telegram-en-peru\/#respond"]}]},{"@type":"WebPage","@id":"https:\/\/estudiotarazona.com\/blog\/por-que-indecopi-rechazo-el-registro-de-la-marca-telegram-en-peru\/","url":"https:\/\/estudiotarazona.com\/blog\/por-que-indecopi-rechazo-el-registro-de-la-marca-telegram-en-peru\/","name":"Indecopi rechaz\u00f3 el registro de la marca \"Telegram\u201d en Per\u00fa","isPartOf":{"@id":"https:\/\/estudiotarazona.com\/blog\/#website"},"primaryImageOfPage":{"@id":"https:\/\/estudiotarazona.com\/blog\/por-que-indecopi-rechazo-el-registro-de-la-marca-telegram-en-peru\/#primaryimage"},"image":{"@id":"https:\/\/estudiotarazona.com\/blog\/por-que-indecopi-rechazo-el-registro-de-la-marca-telegram-en-peru\/#primaryimage"},"thumbnailUrl":"https:\/\/estudiotarazona.com\/blog\/wp-content\/uploads\/2022\/07\/WhatsApp-Image-2022-07-27-at-11.15.40-AM.jpeg","datePublished":"2022-07-27T18:18:35+00:00","dateModified":"2022-08-10T16:51:35+00:00","author":{"@id":"https:\/\/estudiotarazona.com\/blog\/#\/schema\/person\/5616f02b9b737fbf567a6360978f6498"},"description":"Indecopi deneg\u00f3 el registro de la marca \u201cTelegram\u201d en Per\u00fa: Te contamos Todo lo que debes saber sobre el caso","breadcrumb":{"@id":"https:\/\/estudiotarazona.com\/blog\/por-que-indecopi-rechazo-el-registro-de-la-marca-telegram-en-peru\/#breadcrumb"},"inLanguage":"es","potentialAction":[{"@type":"ReadAction","target":["https:\/\/estudiotarazona.com\/blog\/por-que-indecopi-rechazo-el-registro-de-la-marca-telegram-en-peru\/"]}]},{"@type":"ImageObject","inLanguage":"es","@id":"https:\/\/estudiotarazona.com\/blog\/por-que-indecopi-rechazo-el-registro-de-la-marca-telegram-en-peru\/#primaryimage","url":"https:\/\/estudiotarazona.com\/blog\/wp-content\/uploads\/2022\/07\/WhatsApp-Image-2022-07-27-at-11.15.40-AM.jpeg","contentUrl":"https:\/\/estudiotarazona.com\/blog\/wp-content\/uploads\/2022\/07\/WhatsApp-Image-2022-07-27-at-11.15.40-AM.jpeg","width":1280,"height":672},{"@type":"BreadcrumbList","@id":"https:\/\/estudiotarazona.com\/blog\/por-que-indecopi-rechazo-el-registro-de-la-marca-telegram-en-peru\/#breadcrumb","itemListElement":[{"@type":"ListItem","position":1,"name":"Portada","item":"https:\/\/estudiotarazona.com\/blog\/"},{"@type":"ListItem","position":2,"name":"\u00bfPor qu\u00e9 Indecopi rechaz\u00f3 el registro de la marca \u201cTelegram\u201d en Per\u00fa?"}]},{"@type":"WebSite","@id":"https:\/\/estudiotarazona.com\/blog\/#website","url":"https:\/\/estudiotarazona.com\/blog\/","name":"Estudio Jur\u00eddico Tarazona &amp; Asociados","description":"Blog","potentialAction":[{"@type":"SearchAction","target":{"@type":"EntryPoint","urlTemplate":"https:\/\/estudiotarazona.com\/blog\/?s={search_term_string}"},"query-input":{"@type":"PropertyValueSpecification","valueRequired":true,"valueName":"search_term_string"}}],"inLanguage":"es"},{"@type":"Person","@id":"https:\/\/estudiotarazona.com\/blog\/#\/schema\/person\/5616f02b9b737fbf567a6360978f6498","name":"administracion@tarazonaabogados.com","image":{"@type":"ImageObject","inLanguage":"es","@id":"https:\/\/estudiotarazona.com\/blog\/#\/schema\/person\/image\/","url":"https:\/\/secure.gravatar.com\/avatar\/023f121de2f01f1538ca242fbda217cb2425e9ab19465a8048ceb513e97a139a?s=96&d=mm&r=g","contentUrl":"https:\/\/secure.gravatar.com\/avatar\/023f121de2f01f1538ca242fbda217cb2425e9ab19465a8048ceb513e97a139a?s=96&d=mm&r=g","caption":"administracion@tarazonaabogados.com"},"sameAs":["https:\/\/estudiotarazona.com\/blog"],"url":"https:\/\/estudiotarazona.com\/blog\/author\/administraciontarazonaabogados-com\/"}]}},"_links":{"self":[{"href":"https:\/\/estudiotarazona.com\/blog\/wp-json\/wp\/v2\/posts\/383","targetHints":{"allow":["GET"]}}],"collection":[{"href":"https:\/\/estudiotarazona.com\/blog\/wp-json\/wp\/v2\/posts"}],"about":[{"href":"https:\/\/estudiotarazona.com\/blog\/wp-json\/wp\/v2\/types\/post"}],"author":[{"embeddable":true,"href":"https:\/\/estudiotarazona.com\/blog\/wp-json\/wp\/v2\/users\/1"}],"replies":[{"embeddable":true,"href":"https:\/\/estudiotarazona.com\/blog\/wp-json\/wp\/v2\/comments?post=383"}],"version-history":[{"count":3,"href":"https:\/\/estudiotarazona.com\/blog\/wp-json\/wp\/v2\/posts\/383\/revisions"}],"predecessor-version":[{"id":393,"href":"https:\/\/estudiotarazona.com\/blog\/wp-json\/wp\/v2\/posts\/383\/revisions\/393"}],"wp:featuredmedia":[{"embeddable":true,"href":"https:\/\/estudiotarazona.com\/blog\/wp-json\/wp\/v2\/media\/385"}],"wp:attachment":[{"href":"https:\/\/estudiotarazona.com\/blog\/wp-json\/wp\/v2\/media?parent=383"}],"wp:term":[{"taxonomy":"category","embeddable":true,"href":"https:\/\/estudiotarazona.com\/blog\/wp-json\/wp\/v2\/categories?post=383"},{"taxonomy":"post_tag","embeddable":true,"href":"https:\/\/estudiotarazona.com\/blog\/wp-json\/wp\/v2\/tags?post=383"}],"curies":[{"name":"wp","href":"https:\/\/api.w.org\/{rel}","templated":true}]}}