{"id":150,"date":"2022-07-13T00:01:11","date_gmt":"2022-07-13T00:01:11","guid":{"rendered":"https:\/\/estudiotarazona.com\/blog\/?p=150"},"modified":"2022-08-11T17:34:57","modified_gmt":"2022-08-11T17:34:57","slug":"la-busqueda-fonetica-y-figurativa","status":"publish","type":"post","link":"https:\/\/estudiotarazona.com\/blog\/la-busqueda-fonetica-y-figurativa\/","title":{"rendered":"La b\u00fasqueda fon\u00e9tica y figurativa"},"content":{"rendered":"<p style=\"text-align: justify;\">Cada d\u00eda, se aventuran al mundo comercial, nuevos emprendimientos, ello con el mayor \u00edmpetu, fervor y la perseverancia, que todo emprendedor siempre derrocha. Pero al dar el primer paso de este gran negocio, pierden cuidado de un precepto vital,\u00a0<b>\u00bfC\u00f3mo se distingue un emprendedor, producto o servicio en el mercado?<\/b><\/p>\n<p style=\"text-align: justify;\">La respuesta es sencilla, se distingue entre la competencia que existe en el mercado, gracias a una marca, marca que lo identifica y mediante la cual podr\u00e1 ser reconocido por sus clientes. Pero, al crear una marca, debemos tener en cuenta ciertos lineamientos b\u00e1sicos, y no necesariamente de dise\u00f1o, logo u imagen, si no de cuestiones legales, ya que, de dar un paso en falso en este arduo camino, las consecuencias de un error por desconocimiento podr\u00edan traerse abajo nuestro emprendimiento, e inclusive afectar nuestras propias finanzas personales.<\/p>\n<p style=\"text-align: justify;\">\u00a0Es por ello, que una de las primeras recomendaciones en esta etapa, es la de tener en cuenta la figura de\u00a0<strong>\u201cB\u00daSQUEDA DE ANTECEDENTES<\/strong>\u201d en los motores de b\u00fasqueda del INDECOPI, para de ese modo, conocer qu\u00e9 marcas se encuentran registradas actualmente, y, sobre todo, cautelar que no se afecte ning\u00fan derecho de los titulares de las marcas registradas, es decir que la marca que desees crear, no guarde ni identidad, ni similitud con las dem\u00e1s marcas registradas ante el Indecopi.<\/p>\n<p style=\"text-align: justify;\">La b\u00fasqueda de antecedentes se subdivide en dos tipos de b\u00fasquedas, La b\u00fasqueda FON\u00c9TICA, y la b\u00fasqueda FIGURATIVA.<\/p>\n<p style=\"text-align: justify;\">La\u00a0<strong>b\u00fasqueda fon\u00e9tica<\/strong>\u00a0es muy importante, pues se usa para buscar una\u00a0<strong>palabra, combinaci\u00f3n de palabras o frases<\/strong>\u00a0que usar\u00e1s en tu marca y detectar si existe alguna marca que sea similar, igual tenga un sonido que sea parecido al momento de pronunciarlo; puesto que, si resulta similar, no podr\u00e1s registrar tu marca como propia. Tambi\u00e9n, debes tener en cuenta que tu marca no incurra en las prohibiciones de registro que establece la Decisi\u00f3n 486. Asimismo, al realizar est\u00e1 b\u00fasqueda, podr\u00e1s evitar registrar tu marca de manera fallida.<\/p>\n<p style=\"text-align: justify;\">Por ejemplo, si deseo registrar mi marca para mi empresa de servicios de taxi llamadas \u201cISY\u201d Taxi, al momento de realizar la b\u00fasqueda fon\u00e9tica, observar\u00e9 que no ser\u00e1 posible mi registro, pues ya existe una marca registrada como \u201cEASY TAXI\u201d que, si bien no se escribe igual, pero se pronuncia de manera similar; en este caso no proceder\u00e1 el registro, pues carece de distintividad, tal como lo establece las prohibiciones de registro en el art\u00edculo 135\u00b0 inciso b) de la Decisi\u00f3n 486.<\/p>\n<p style=\"text-align: justify;\">Por otro lado, la\u00a0<strong>b\u00fasqueda figurativa<\/strong>\u00a0servir\u00e1 para identificar la existencia de una marca registrada que use elementos\u00a0<strong>visuales o gr\u00e1ficos<\/strong>\u00a0que sean similares a los que pretende usar tu marca. Esta b\u00fasqueda se realiza a trav\u00e9s de una solicitud que deber\u00e1 ser ingresada por la Mesa de Partes del INDECOPI, en donde se adjuntar\u00e1n los datos respectivos como, la clase de la marca que brindar\u00e1 el producto y\/o servicio, es decir el rubro al cual se dedicar\u00e1, y el logo que se desea usar con su respectiva descripci\u00f3n.<\/p>\n<p style=\"text-align: justify;\">Posterior a esta solicitud, en un plazo de 4 a 5 d\u00edas h\u00e1biles, el INDECOPI har\u00e1 entrega de un documento con una lista de marcas con caracter\u00edsticas similares y\/o id\u00e9nticas, con la cual podr\u00e1s verificar de la mano con un especialista, si tu logo posiblemente genere alg\u00fan tipo de confusi\u00f3n con el logo de otras marcas que ya se encuentran registradas.<\/p>\n<p style=\"text-align: justify;\">En conclusi\u00f3n, es importante que los empresarios y emprendedores le den mayor importancia a una previa b\u00fasqueda fon\u00e9tica y figurativa de su marca, para evitar que su solicitud de registro sea denegada m\u00e1s adelante por una posible similitud o igualdad con otras marcas que ya se encuentran registradas.<\/p>\n<p style=\"text-align: justify;\">Recordemos que, un correcto registro de marca fortalecer\u00e1 dos aspectos esenciales:<strong>\u00a0la reputaci\u00f3n<\/strong>, pues se impondr\u00e1 ante el mercado por su alta distintividad, y\u00a0<strong>la fidelizaci\u00f3n<\/strong>\u00a0de los clientes, ya que, estos se identificar\u00e1n m\u00e1s con la marca, logrando distinguirla de la competencia.<\/p>\n<p>Cons\u00faltanos tus dudas sin ning\u00fan problema en el <a href=\"https:\/\/bit.ly\/Consultor\u00eda20minRM\" target=\"_blank\" rel=\"noopener\">Estudio Tarazona y Asociados<\/a>.<\/p>\n<p>M\u00e1s art\u00edculos sobre propiedad intelectual en nuestro <a href=\"https:\/\/estudiotarazona.com\/blog\/\">blog<\/a>.<\/p>\n<p><a href=\"https:\/\/bit.ly\/2VTpAJS\" target=\"_blank\" rel=\"noopener\"><img loading=\"lazy\" decoding=\"async\" class=\"aligncenter wp-image-173 size-full\" src=\"https:\/\/estudiotarazona.com\/blog\/wp-content\/uploads\/2022\/07\/banner-arti-6-1024x512-1.png\" alt=\" b\u00fasqueda fon\u00e9tica y figurativa\" width=\"1024\" height=\"512\" srcset=\"https:\/\/estudiotarazona.com\/blog\/wp-content\/uploads\/2022\/07\/banner-arti-6-1024x512-1.png 1024w, https:\/\/estudiotarazona.com\/blog\/wp-content\/uploads\/2022\/07\/banner-arti-6-1024x512-1-300x150.png 300w, https:\/\/estudiotarazona.com\/blog\/wp-content\/uploads\/2022\/07\/banner-arti-6-1024x512-1-768x384.png 768w, https:\/\/estudiotarazona.com\/blog\/wp-content\/uploads\/2022\/07\/banner-arti-6-1024x512-1-696x348.png 696w, https:\/\/estudiotarazona.com\/blog\/wp-content\/uploads\/2022\/07\/banner-arti-6-1024x512-1-840x420.png 840w\" sizes=\"auto, (max-width: 1024px) 100vw, 1024px\" \/><\/a><\/p>\n<p><a href=\"https:\/\/bit.ly\/Info_CursoRM\" target=\"_blank\" rel=\"noopener\"><img loading=\"lazy\" decoding=\"async\" class=\"aligncenter wp-image-170 size-full\" src=\"https:\/\/estudiotarazona.com\/blog\/wp-content\/uploads\/2022\/07\/banner-curso-integral-2-1024x512-1.png\" alt=\"b\u00fasqueda fon\u00e9tica y figurativa\" width=\"1024\" height=\"512\" srcset=\"https:\/\/estudiotarazona.com\/blog\/wp-content\/uploads\/2022\/07\/banner-curso-integral-2-1024x512-1.png 1024w, https:\/\/estudiotarazona.com\/blog\/wp-content\/uploads\/2022\/07\/banner-curso-integral-2-1024x512-1-300x150.png 300w, https:\/\/estudiotarazona.com\/blog\/wp-content\/uploads\/2022\/07\/banner-curso-integral-2-1024x512-1-768x384.png 768w, https:\/\/estudiotarazona.com\/blog\/wp-content\/uploads\/2022\/07\/banner-curso-integral-2-1024x512-1-696x348.png 696w, https:\/\/estudiotarazona.com\/blog\/wp-content\/uploads\/2022\/07\/banner-curso-integral-2-1024x512-1-840x420.png 840w\" sizes=\"auto, (max-width: 1024px) 100vw, 1024px\" \/><\/a><\/p>\n","protected":false},"excerpt":{"rendered":"<p>Cada d\u00eda, se aventuran al mundo comercial, nuevos emprendimientos, ello con el mayor \u00edmpetu, fervor y la perseverancia, que todo emprendedor siempre derrocha. Pero al dar el primer paso de este gran negocio, pierden cuidado de un precepto vital,\u00a0\u00bfC\u00f3mo se distingue un emprendedor, producto o servicio en el mercado? La respuesta es sencilla, se distingue [&hellip;]<\/p>\n","protected":false},"author":1,"featured_media":172,"comment_status":"open","ping_status":"open","sticky":false,"template":"","format":"standard","meta":{"footnotes":""},"categories":[18],"tags":[],"class_list":{"0":"post-150","1":"post","2":"type-post","3":"status-publish","4":"format-standard","5":"has-post-thumbnail","7":"category-derecho-de-propiedad-intelectual"},"yoast_head":"<!-- This site is optimized with the Yoast SEO plugin v26.9 - https:\/\/yoast.com\/product\/yoast-seo-wordpress\/ -->\n<title>La b\u00fasqueda fon\u00e9tica y figurativa<\/title>\n<meta name=\"description\" content=\"\u00bfQu\u00e9 es la b\u00fasqueda fon\u00e9tica y figurativa?: en este articulo te contamos todo lo que necesitas saber al respecto\" \/>\n<meta name=\"robots\" content=\"index, follow, max-snippet:-1, max-image-preview:large, max-video-preview:-1\" \/>\n<link rel=\"canonical\" href=\"https:\/\/estudiotarazona.com\/blog\/la-busqueda-fonetica-y-figurativa\/\" \/>\n<meta property=\"og:locale\" content=\"es_ES\" \/>\n<meta property=\"og:type\" content=\"article\" \/>\n<meta property=\"og:title\" content=\"La b\u00fasqueda fon\u00e9tica y figurativa\" \/>\n<meta property=\"og:description\" content=\"\u00bfQu\u00e9 es la b\u00fasqueda fon\u00e9tica y figurativa?: en este articulo te contamos todo lo que necesitas saber al respecto\" \/>\n<meta property=\"og:url\" content=\"https:\/\/estudiotarazona.com\/blog\/la-busqueda-fonetica-y-figurativa\/\" \/>\n<meta property=\"og:site_name\" content=\"Estudio Jur\u00eddico Tarazona &amp; Asociados\" \/>\n<meta property=\"article:published_time\" content=\"2022-07-13T00:01:11+00:00\" \/>\n<meta property=\"article:modified_time\" content=\"2022-08-11T17:34:57+00:00\" \/>\n<meta property=\"og:image\" content=\"https:\/\/estudiotarazona.com\/blog\/wp-content\/uploads\/2022\/07\/standard_Busqueda-645x322-1.png\" \/>\n\t<meta property=\"og:image:width\" content=\"645\" \/>\n\t<meta property=\"og:image:height\" content=\"322\" \/>\n\t<meta property=\"og:image:type\" content=\"image\/png\" \/>\n<meta name=\"author\" content=\"administracion@tarazonaabogados.com\" \/>\n<meta name=\"twitter:card\" content=\"summary_large_image\" \/>\n<meta name=\"twitter:label1\" content=\"Escrito por\" \/>\n\t<meta name=\"twitter:data1\" content=\"administracion@tarazonaabogados.com\" \/>\n\t<meta name=\"twitter:label2\" content=\"Tiempo de lectura\" \/>\n\t<meta name=\"twitter:data2\" content=\"4 minutos\" \/>\n<script type=\"application\/ld+json\" class=\"yoast-schema-graph\">{\"@context\":\"https:\/\/schema.org\",\"@graph\":[{\"@type\":\"Article\",\"@id\":\"https:\/\/estudiotarazona.com\/blog\/la-busqueda-fonetica-y-figurativa\/#article\",\"isPartOf\":{\"@id\":\"https:\/\/estudiotarazona.com\/blog\/la-busqueda-fonetica-y-figurativa\/\"},\"author\":{\"name\":\"administracion@tarazonaabogados.com\",\"@id\":\"https:\/\/estudiotarazona.com\/blog\/#\/schema\/person\/5616f02b9b737fbf567a6360978f6498\"},\"headline\":\"La b\u00fasqueda fon\u00e9tica y figurativa\",\"datePublished\":\"2022-07-13T00:01:11+00:00\",\"dateModified\":\"2022-08-11T17:34:57+00:00\",\"mainEntityOfPage\":{\"@id\":\"https:\/\/estudiotarazona.com\/blog\/la-busqueda-fonetica-y-figurativa\/\"},\"wordCount\":724,\"commentCount\":0,\"image\":{\"@id\":\"https:\/\/estudiotarazona.com\/blog\/la-busqueda-fonetica-y-figurativa\/#primaryimage\"},\"thumbnailUrl\":\"https:\/\/estudiotarazona.com\/blog\/wp-content\/uploads\/2022\/07\/standard_Busqueda-645x322-1.png\",\"articleSection\":[\"Derecho de propiedad intelectual\"],\"inLanguage\":\"es\",\"potentialAction\":[{\"@type\":\"CommentAction\",\"name\":\"Comment\",\"target\":[\"https:\/\/estudiotarazona.com\/blog\/la-busqueda-fonetica-y-figurativa\/#respond\"]}]},{\"@type\":\"WebPage\",\"@id\":\"https:\/\/estudiotarazona.com\/blog\/la-busqueda-fonetica-y-figurativa\/\",\"url\":\"https:\/\/estudiotarazona.com\/blog\/la-busqueda-fonetica-y-figurativa\/\",\"name\":\"La b\u00fasqueda fon\u00e9tica y figurativa\",\"isPartOf\":{\"@id\":\"https:\/\/estudiotarazona.com\/blog\/#website\"},\"primaryImageOfPage\":{\"@id\":\"https:\/\/estudiotarazona.com\/blog\/la-busqueda-fonetica-y-figurativa\/#primaryimage\"},\"image\":{\"@id\":\"https:\/\/estudiotarazona.com\/blog\/la-busqueda-fonetica-y-figurativa\/#primaryimage\"},\"thumbnailUrl\":\"https:\/\/estudiotarazona.com\/blog\/wp-content\/uploads\/2022\/07\/standard_Busqueda-645x322-1.png\",\"datePublished\":\"2022-07-13T00:01:11+00:00\",\"dateModified\":\"2022-08-11T17:34:57+00:00\",\"author\":{\"@id\":\"https:\/\/estudiotarazona.com\/blog\/#\/schema\/person\/5616f02b9b737fbf567a6360978f6498\"},\"description\":\"\u00bfQu\u00e9 es la b\u00fasqueda fon\u00e9tica y figurativa?: en este articulo te contamos todo lo que necesitas saber al respecto\",\"breadcrumb\":{\"@id\":\"https:\/\/estudiotarazona.com\/blog\/la-busqueda-fonetica-y-figurativa\/#breadcrumb\"},\"inLanguage\":\"es\",\"potentialAction\":[{\"@type\":\"ReadAction\",\"target\":[\"https:\/\/estudiotarazona.com\/blog\/la-busqueda-fonetica-y-figurativa\/\"]}]},{\"@type\":\"ImageObject\",\"inLanguage\":\"es\",\"@id\":\"https:\/\/estudiotarazona.com\/blog\/la-busqueda-fonetica-y-figurativa\/#primaryimage\",\"url\":\"https:\/\/estudiotarazona.com\/blog\/wp-content\/uploads\/2022\/07\/standard_Busqueda-645x322-1.png\",\"contentUrl\":\"https:\/\/estudiotarazona.com\/blog\/wp-content\/uploads\/2022\/07\/standard_Busqueda-645x322-1.png\",\"width\":645,\"height\":322},{\"@type\":\"BreadcrumbList\",\"@id\":\"https:\/\/estudiotarazona.com\/blog\/la-busqueda-fonetica-y-figurativa\/#breadcrumb\",\"itemListElement\":[{\"@type\":\"ListItem\",\"position\":1,\"name\":\"Portada\",\"item\":\"https:\/\/estudiotarazona.com\/blog\/\"},{\"@type\":\"ListItem\",\"position\":2,\"name\":\"La b\u00fasqueda fon\u00e9tica y figurativa\"}]},{\"@type\":\"WebSite\",\"@id\":\"https:\/\/estudiotarazona.com\/blog\/#website\",\"url\":\"https:\/\/estudiotarazona.com\/blog\/\",\"name\":\"Estudio Jur\u00eddico Tarazona &amp; Asociados\",\"description\":\"Blog\",\"potentialAction\":[{\"@type\":\"SearchAction\",\"target\":{\"@type\":\"EntryPoint\",\"urlTemplate\":\"https:\/\/estudiotarazona.com\/blog\/?s={search_term_string}\"},\"query-input\":{\"@type\":\"PropertyValueSpecification\",\"valueRequired\":true,\"valueName\":\"search_term_string\"}}],\"inLanguage\":\"es\"},{\"@type\":\"Person\",\"@id\":\"https:\/\/estudiotarazona.com\/blog\/#\/schema\/person\/5616f02b9b737fbf567a6360978f6498\",\"name\":\"administracion@tarazonaabogados.com\",\"image\":{\"@type\":\"ImageObject\",\"inLanguage\":\"es\",\"@id\":\"https:\/\/estudiotarazona.com\/blog\/#\/schema\/person\/image\/\",\"url\":\"https:\/\/secure.gravatar.com\/avatar\/023f121de2f01f1538ca242fbda217cb2425e9ab19465a8048ceb513e97a139a?s=96&d=mm&r=g\",\"contentUrl\":\"https:\/\/secure.gravatar.com\/avatar\/023f121de2f01f1538ca242fbda217cb2425e9ab19465a8048ceb513e97a139a?s=96&d=mm&r=g\",\"caption\":\"administracion@tarazonaabogados.com\"},\"sameAs\":[\"https:\/\/estudiotarazona.com\/blog\"],\"url\":\"https:\/\/estudiotarazona.com\/blog\/author\/administraciontarazonaabogados-com\/\"}]}<\/script>\n<!-- \/ Yoast SEO plugin. -->","yoast_head_json":{"title":"La b\u00fasqueda fon\u00e9tica y figurativa","description":"\u00bfQu\u00e9 es la b\u00fasqueda fon\u00e9tica y figurativa?: en este articulo te contamos todo lo que necesitas saber al respecto","robots":{"index":"index","follow":"follow","max-snippet":"max-snippet:-1","max-image-preview":"max-image-preview:large","max-video-preview":"max-video-preview:-1"},"canonical":"https:\/\/estudiotarazona.com\/blog\/la-busqueda-fonetica-y-figurativa\/","og_locale":"es_ES","og_type":"article","og_title":"La b\u00fasqueda fon\u00e9tica y figurativa","og_description":"\u00bfQu\u00e9 es la b\u00fasqueda fon\u00e9tica y figurativa?: en este articulo te contamos todo lo que necesitas saber al respecto","og_url":"https:\/\/estudiotarazona.com\/blog\/la-busqueda-fonetica-y-figurativa\/","og_site_name":"Estudio Jur\u00eddico Tarazona &amp; Asociados","article_published_time":"2022-07-13T00:01:11+00:00","article_modified_time":"2022-08-11T17:34:57+00:00","og_image":[{"width":645,"height":322,"url":"https:\/\/estudiotarazona.com\/blog\/wp-content\/uploads\/2022\/07\/standard_Busqueda-645x322-1.png","type":"image\/png"}],"author":"administracion@tarazonaabogados.com","twitter_card":"summary_large_image","twitter_misc":{"Escrito por":"administracion@tarazonaabogados.com","Tiempo de lectura":"4 minutos"},"schema":{"@context":"https:\/\/schema.org","@graph":[{"@type":"Article","@id":"https:\/\/estudiotarazona.com\/blog\/la-busqueda-fonetica-y-figurativa\/#article","isPartOf":{"@id":"https:\/\/estudiotarazona.com\/blog\/la-busqueda-fonetica-y-figurativa\/"},"author":{"name":"administracion@tarazonaabogados.com","@id":"https:\/\/estudiotarazona.com\/blog\/#\/schema\/person\/5616f02b9b737fbf567a6360978f6498"},"headline":"La b\u00fasqueda fon\u00e9tica y figurativa","datePublished":"2022-07-13T00:01:11+00:00","dateModified":"2022-08-11T17:34:57+00:00","mainEntityOfPage":{"@id":"https:\/\/estudiotarazona.com\/blog\/la-busqueda-fonetica-y-figurativa\/"},"wordCount":724,"commentCount":0,"image":{"@id":"https:\/\/estudiotarazona.com\/blog\/la-busqueda-fonetica-y-figurativa\/#primaryimage"},"thumbnailUrl":"https:\/\/estudiotarazona.com\/blog\/wp-content\/uploads\/2022\/07\/standard_Busqueda-645x322-1.png","articleSection":["Derecho de propiedad intelectual"],"inLanguage":"es","potentialAction":[{"@type":"CommentAction","name":"Comment","target":["https:\/\/estudiotarazona.com\/blog\/la-busqueda-fonetica-y-figurativa\/#respond"]}]},{"@type":"WebPage","@id":"https:\/\/estudiotarazona.com\/blog\/la-busqueda-fonetica-y-figurativa\/","url":"https:\/\/estudiotarazona.com\/blog\/la-busqueda-fonetica-y-figurativa\/","name":"La b\u00fasqueda fon\u00e9tica y figurativa","isPartOf":{"@id":"https:\/\/estudiotarazona.com\/blog\/#website"},"primaryImageOfPage":{"@id":"https:\/\/estudiotarazona.com\/blog\/la-busqueda-fonetica-y-figurativa\/#primaryimage"},"image":{"@id":"https:\/\/estudiotarazona.com\/blog\/la-busqueda-fonetica-y-figurativa\/#primaryimage"},"thumbnailUrl":"https:\/\/estudiotarazona.com\/blog\/wp-content\/uploads\/2022\/07\/standard_Busqueda-645x322-1.png","datePublished":"2022-07-13T00:01:11+00:00","dateModified":"2022-08-11T17:34:57+00:00","author":{"@id":"https:\/\/estudiotarazona.com\/blog\/#\/schema\/person\/5616f02b9b737fbf567a6360978f6498"},"description":"\u00bfQu\u00e9 es la b\u00fasqueda fon\u00e9tica y figurativa?: en este articulo te contamos todo lo que necesitas saber al respecto","breadcrumb":{"@id":"https:\/\/estudiotarazona.com\/blog\/la-busqueda-fonetica-y-figurativa\/#breadcrumb"},"inLanguage":"es","potentialAction":[{"@type":"ReadAction","target":["https:\/\/estudiotarazona.com\/blog\/la-busqueda-fonetica-y-figurativa\/"]}]},{"@type":"ImageObject","inLanguage":"es","@id":"https:\/\/estudiotarazona.com\/blog\/la-busqueda-fonetica-y-figurativa\/#primaryimage","url":"https:\/\/estudiotarazona.com\/blog\/wp-content\/uploads\/2022\/07\/standard_Busqueda-645x322-1.png","contentUrl":"https:\/\/estudiotarazona.com\/blog\/wp-content\/uploads\/2022\/07\/standard_Busqueda-645x322-1.png","width":645,"height":322},{"@type":"BreadcrumbList","@id":"https:\/\/estudiotarazona.com\/blog\/la-busqueda-fonetica-y-figurativa\/#breadcrumb","itemListElement":[{"@type":"ListItem","position":1,"name":"Portada","item":"https:\/\/estudiotarazona.com\/blog\/"},{"@type":"ListItem","position":2,"name":"La b\u00fasqueda fon\u00e9tica y figurativa"}]},{"@type":"WebSite","@id":"https:\/\/estudiotarazona.com\/blog\/#website","url":"https:\/\/estudiotarazona.com\/blog\/","name":"Estudio Jur\u00eddico Tarazona &amp; Asociados","description":"Blog","potentialAction":[{"@type":"SearchAction","target":{"@type":"EntryPoint","urlTemplate":"https:\/\/estudiotarazona.com\/blog\/?s={search_term_string}"},"query-input":{"@type":"PropertyValueSpecification","valueRequired":true,"valueName":"search_term_string"}}],"inLanguage":"es"},{"@type":"Person","@id":"https:\/\/estudiotarazona.com\/blog\/#\/schema\/person\/5616f02b9b737fbf567a6360978f6498","name":"administracion@tarazonaabogados.com","image":{"@type":"ImageObject","inLanguage":"es","@id":"https:\/\/estudiotarazona.com\/blog\/#\/schema\/person\/image\/","url":"https:\/\/secure.gravatar.com\/avatar\/023f121de2f01f1538ca242fbda217cb2425e9ab19465a8048ceb513e97a139a?s=96&d=mm&r=g","contentUrl":"https:\/\/secure.gravatar.com\/avatar\/023f121de2f01f1538ca242fbda217cb2425e9ab19465a8048ceb513e97a139a?s=96&d=mm&r=g","caption":"administracion@tarazonaabogados.com"},"sameAs":["https:\/\/estudiotarazona.com\/blog"],"url":"https:\/\/estudiotarazona.com\/blog\/author\/administraciontarazonaabogados-com\/"}]}},"_links":{"self":[{"href":"https:\/\/estudiotarazona.com\/blog\/wp-json\/wp\/v2\/posts\/150","targetHints":{"allow":["GET"]}}],"collection":[{"href":"https:\/\/estudiotarazona.com\/blog\/wp-json\/wp\/v2\/posts"}],"about":[{"href":"https:\/\/estudiotarazona.com\/blog\/wp-json\/wp\/v2\/types\/post"}],"author":[{"embeddable":true,"href":"https:\/\/estudiotarazona.com\/blog\/wp-json\/wp\/v2\/users\/1"}],"replies":[{"embeddable":true,"href":"https:\/\/estudiotarazona.com\/blog\/wp-json\/wp\/v2\/comments?post=150"}],"version-history":[{"count":4,"href":"https:\/\/estudiotarazona.com\/blog\/wp-json\/wp\/v2\/posts\/150\/revisions"}],"predecessor-version":[{"id":436,"href":"https:\/\/estudiotarazona.com\/blog\/wp-json\/wp\/v2\/posts\/150\/revisions\/436"}],"wp:featuredmedia":[{"embeddable":true,"href":"https:\/\/estudiotarazona.com\/blog\/wp-json\/wp\/v2\/media\/172"}],"wp:attachment":[{"href":"https:\/\/estudiotarazona.com\/blog\/wp-json\/wp\/v2\/media?parent=150"}],"wp:term":[{"taxonomy":"category","embeddable":true,"href":"https:\/\/estudiotarazona.com\/blog\/wp-json\/wp\/v2\/categories?post=150"},{"taxonomy":"post_tag","embeddable":true,"href":"https:\/\/estudiotarazona.com\/blog\/wp-json\/wp\/v2\/tags?post=150"}],"curies":[{"name":"wp","href":"https:\/\/api.w.org\/{rel}","templated":true}]}}