{"id":126,"date":"2022-07-12T23:21:45","date_gmt":"2022-07-12T23:21:45","guid":{"rendered":"https:\/\/estudiotarazona.com\/blog\/?p=126"},"modified":"2022-08-11T19:50:09","modified_gmt":"2022-08-11T19:50:09","slug":"razon-social-y-marca-que-diferencias-hay","status":"publish","type":"post","link":"https:\/\/estudiotarazona.com\/blog\/razon-social-y-marca-que-diferencias-hay\/","title":{"rendered":"Raz\u00f3n social y marca \u00bfQu\u00e9 diferencias hay?"},"content":{"rendered":"<p style=\"text-align: justify;\">Debido a diversas experiencias y situaciones que pudimos presenciar, caemos en cuenta que existe un gran desconocimiento por parte de la mayor\u00eda de la poblaci\u00f3n, respecto del nombre de una empresa (raz\u00f3n social), con el nombre de una marca o el nombre comercial, la diferencia en su tratamiento protecci\u00f3n y dem\u00e1s es vasta, es por ello en las siguientes l\u00edneas trataremos de exponer y ejemplificar un poco m\u00e1s sobre estas diferencias aterrizando m\u00e1s en el plano pr\u00e1ctico:<\/p>\n<p style=\"text-align: justify;\">Al iniciar un negocio, un emprendimiento o una inversi\u00f3n, siempre se escoge un\u00a0<strong>nombre que va a llevar nuestra empresa<\/strong>, esto ocurre muchas veces en la propia\u00a0<strong>constituci\u00f3n<\/strong>\u00a0de la misma. Al d\u00eda de hoy el paso primordial\u00a0<strong>para constituir una empresa es realizar la reserva del nombre en Sunarp<\/strong>. La\u00a0reserva de nombre\u00a0es un procedimiento que permite proteger\u00a0por\u00a030 d\u00edas una denominaci\u00f3n o raz\u00f3n social elegida, en tanto se concluyan los tr\u00e1mites para constituir la empresa o modificar sus estatutos. Entonces esta denominaci\u00f3n o raz\u00f3n social es m\u00e1s que nada el nombre que llevara tu empresa (Un ejemplo: Transtel S.A.C.) y \u00e9sta se encuentra ligada al RUC. Con esa raz\u00f3n social, tu empresa se identificar\u00e1 ante la SUNAT, bancos, entidades y compa\u00f1\u00edas para realizar tr\u00e1mites, hacer compras o ventas, entre otros. Siguiendo esa l\u00ednea resulta imperativo el mencionar que<strong>\u00a0la raz\u00f3n social no es necesariamente tu nombre comercial<\/strong>.<\/p>\n<p style=\"text-align: justify;\">Ahora, que ocurrir\u00eda, si supongamos que nuestra empresa se dedica al negocio de la moda, y en la etiqueta de nuestras prendas,\u00a0<strong>ponemos nuestra marca para diferenciarlas de otras prendas en el mercado; y al colocar la marca: ponemos \u201cTranstel<\/strong>\u201d (ya que nuestra empresa lleva por nombre TRANSTEL S.A.C.). Al pasar un tiempo evidenciamos que otra empresa empez\u00f3 a utilizar la marca Transtel, tambi\u00e9n en productos de moda, productos textiles, y queremos hacer algo para cancelar este uso, ya que obviamente esta es nuestra marca; sin embargo, al tratar de iniciar alguna acci\u00f3n, nos topar\u00edamos con una funesta realidad,\u00a0<strong>nuestra marca no tiene protecci\u00f3n alguna porque no la registramos<\/strong>\u00a0<strong>ante el Indecopi<\/strong>, encontr\u00e1ndonos en una posici\u00f3n de completa desventaja que incluso determina que dejemos de usar esa marca porque estar\u00edamos cometiendo una infracci\u00f3n pasible de multa e incluso un delito.<\/p>\n<p><img loading=\"lazy\" decoding=\"async\" class=\"aligncenter wp-image-130 size-full\" src=\"https:\/\/estudiotarazona.com\/blog\/wp-content\/uploads\/2022\/07\/2-1.png\" alt=\"Raz\u00f3n social y marca\" width=\"586\" height=\"140\" srcset=\"https:\/\/estudiotarazona.com\/blog\/wp-content\/uploads\/2022\/07\/2-1.png 586w, https:\/\/estudiotarazona.com\/blog\/wp-content\/uploads\/2022\/07\/2-1-300x72.png 300w\" sizes=\"auto, (max-width: 586px) 100vw, 586px\" \/><\/p>\n<p style=\"text-align: justify;\"><strong>El Indecopi es el Instituto Nacional de Defensa de la Competencia y de la Protecci\u00f3n de la Propiedad Intelectual<\/strong>, este es el encargado de proteger nuestra marca, como nuestra creaci\u00f3n,\u00a0<u>pero para que nuestra marca tenga la protecci\u00f3n a la que hacemos menci\u00f3n debemos registrarla ante esta entidad<\/u>. Una vez registrada ante el Indecopi, tenemos todos los mecanismos posibles para frenar un uso ilegal de la misma, o si preferimos podemos licenciar su uso (autorizar su uso) \u00a0a cambio de una contraprestaci\u00f3n econ\u00f3mica, es decir un pago; en ese sentido, la marca se convierte en un signo para distinguir nuestro producto o servicio en el mercado, si no tambi\u00e9n en un activo, un bien intangible que puede generarnos ingresos.<\/p>\n<p style=\"text-align: justify;\">Ahora bien, ya entendemos que el nombre de nuestra empresa, no es lo mismo que nuestra marca, es muy importante tener tal definici\u00f3n, puesto que mientras el nombre de nuestra empresa puede ser letras o una denominaci\u00f3n; la marca abarca mucho m\u00e1s que solo un nombre. Podemos registrar nuestra marca, solo como denominaci\u00f3n, o con un tipo especial de letra (graf\u00eda especial), un gran ejemplo de ello ser\u00eda Coca-Cola, son letras con una graf\u00eda especial.<\/p>\n<p><img loading=\"lazy\" decoding=\"async\" class=\"aligncenter wp-image-131 size-full\" src=\"https:\/\/estudiotarazona.com\/blog\/wp-content\/uploads\/2022\/07\/3-1.png\" alt=\"Raz\u00f3n social y marca\" width=\"282\" height=\"170\" \/><\/p>\n<p style=\"text-align: justify;\">Tambi\u00e9n podemos registrar, un signo, una imagen o un dise\u00f1o como nuestra marca, por ejemplo, el aspa de las zapatillas Nike, debido a que esa sola aspa constituye una marca. En ese sentido, una marca puede estar conformada por una palabra, combinaci\u00f3n de palabras, im\u00e1genes, figuras, s\u00edmbolos, letras, cifras, etc. Incluso se puede registrar los envases, como las botellas, envoltorios y dem\u00e1s, de forma general, comprende a todo elemento que cumpla con la funci\u00f3n de distinguir productos o servicios.<\/p>\n<p><img loading=\"lazy\" decoding=\"async\" class=\"aligncenter wp-image-132 size-full\" src=\"https:\/\/estudiotarazona.com\/blog\/wp-content\/uploads\/2022\/07\/4-1.png\" alt=\"Raz\u00f3n social y marca\" width=\"581\" height=\"180\" srcset=\"https:\/\/estudiotarazona.com\/blog\/wp-content\/uploads\/2022\/07\/4-1.png 581w, https:\/\/estudiotarazona.com\/blog\/wp-content\/uploads\/2022\/07\/4-1-300x93.png 300w\" sizes=\"auto, (max-width: 581px) 100vw, 581px\" \/><\/p>\n<p style=\"text-align: justify;\">En ese contexto entendemos una amplia diferencia en cuanto a la raz\u00f3n social o el nombre de nuestra empresa y el registro de marca, en definitiva, son opciones muy distintas.<\/p>\n<p style=\"text-align: justify;\">Ahora bien, ya desglosamos un poco la diferencia entre marca y raz\u00f3n social de la empresa, pero esto no significa que sea el \u00fanico tema que genera confusi\u00f3n, puesto que tambi\u00e9n podemos tener un nombre comercial de nuestra empresa, es decir no distinguir un producto o servicio en especifico como lo ser\u00edan una marca de ropa, marca de art\u00edculos de belleza, de carteras, entre otras. En estricto, los nombres comerciales, sirven para identificar una actividad econ\u00f3mica, una empresa o un establecimiento mercantil; es decir, los nombres comerciales no cumplen con la principal funci\u00f3n de las marcas (distinguir productos o servicios), solo identifican empresas, actividades comerciales e incluso establecimientos mercantiles espec\u00edficos.<\/p>\n<p>Cons\u00faltanos tus dudas sin ning\u00fan problema en el <a href=\"https:\/\/bit.ly\/Consultor\u00eda20minRM\" target=\"_blank\" rel=\"noopener\">Estudio Tarazona y Asociados<\/a>.<\/p>\n<p>M\u00e1s art\u00edculos sobre propiedad intelectual en nuestro <a href=\"https:\/\/estudiotarazona.com\/blog\/\">blog<\/a>.<\/p>\n<p>&nbsp;<\/p>\n","protected":false},"excerpt":{"rendered":"<p>Debido a diversas experiencias y situaciones que pudimos presenciar, caemos en cuenta que existe un gran desconocimiento por parte de la mayor\u00eda de la poblaci\u00f3n, respecto del nombre de una empresa (raz\u00f3n social), con el nombre de una marca o el nombre comercial, la diferencia en su tratamiento protecci\u00f3n y dem\u00e1s es vasta, es por [&hellip;]<\/p>\n","protected":false},"author":1,"featured_media":129,"comment_status":"open","ping_status":"open","sticky":false,"template":"","format":"standard","meta":{"footnotes":""},"categories":[18],"tags":[],"class_list":{"0":"post-126","1":"post","2":"type-post","3":"status-publish","4":"format-standard","5":"has-post-thumbnail","7":"category-derecho-de-propiedad-intelectual"},"yoast_head":"<!-- This site is optimized with the Yoast SEO plugin v26.9 - https:\/\/yoast.com\/product\/yoast-seo-wordpress\/ -->\n<title>Raz\u00f3n social y marca \u00bfQu\u00e9 diferencias hay?<\/title>\n<meta name=\"description\" content=\"Raz\u00f3n social y marca \u00bfQu\u00e9 diferencias hay? en este articulo te contamos todo lo que necesitas saber al respecto\" \/>\n<meta name=\"robots\" content=\"index, follow, max-snippet:-1, max-image-preview:large, max-video-preview:-1\" \/>\n<link rel=\"canonical\" href=\"https:\/\/estudiotarazona.com\/blog\/razon-social-y-marca-que-diferencias-hay\/\" \/>\n<meta property=\"og:locale\" content=\"es_ES\" \/>\n<meta property=\"og:type\" content=\"article\" \/>\n<meta property=\"og:title\" content=\"Raz\u00f3n social y marca \u00bfQu\u00e9 diferencias hay?\" \/>\n<meta property=\"og:description\" content=\"Raz\u00f3n social y marca \u00bfQu\u00e9 diferencias hay? en este articulo te contamos todo lo que necesitas saber al respecto\" \/>\n<meta property=\"og:url\" content=\"https:\/\/estudiotarazona.com\/blog\/razon-social-y-marca-que-diferencias-hay\/\" \/>\n<meta property=\"og:site_name\" content=\"Estudio Jur\u00eddico Tarazona &amp; Asociados\" \/>\n<meta property=\"article:published_time\" content=\"2022-07-12T23:21:45+00:00\" \/>\n<meta property=\"article:modified_time\" content=\"2022-08-11T19:50:09+00:00\" \/>\n<meta property=\"og:image\" content=\"https:\/\/estudiotarazona.com\/blog\/wp-content\/uploads\/2022\/07\/nuevo-468x234-1.png\" \/>\n\t<meta property=\"og:image:width\" content=\"468\" \/>\n\t<meta property=\"og:image:height\" content=\"234\" \/>\n\t<meta property=\"og:image:type\" content=\"image\/png\" \/>\n<meta name=\"author\" content=\"administracion@tarazonaabogados.com\" \/>\n<meta name=\"twitter:card\" content=\"summary_large_image\" \/>\n<meta name=\"twitter:label1\" content=\"Escrito por\" \/>\n\t<meta name=\"twitter:data1\" content=\"administracion@tarazonaabogados.com\" \/>\n\t<meta name=\"twitter:label2\" content=\"Tiempo de lectura\" \/>\n\t<meta name=\"twitter:data2\" content=\"5 minutos\" \/>\n<script type=\"application\/ld+json\" class=\"yoast-schema-graph\">{\"@context\":\"https:\/\/schema.org\",\"@graph\":[{\"@type\":\"Article\",\"@id\":\"https:\/\/estudiotarazona.com\/blog\/razon-social-y-marca-que-diferencias-hay\/#article\",\"isPartOf\":{\"@id\":\"https:\/\/estudiotarazona.com\/blog\/razon-social-y-marca-que-diferencias-hay\/\"},\"author\":{\"name\":\"administracion@tarazonaabogados.com\",\"@id\":\"https:\/\/estudiotarazona.com\/blog\/#\/schema\/person\/5616f02b9b737fbf567a6360978f6498\"},\"headline\":\"Raz\u00f3n social y marca \u00bfQu\u00e9 diferencias hay?\",\"datePublished\":\"2022-07-12T23:21:45+00:00\",\"dateModified\":\"2022-08-11T19:50:09+00:00\",\"mainEntityOfPage\":{\"@id\":\"https:\/\/estudiotarazona.com\/blog\/razon-social-y-marca-que-diferencias-hay\/\"},\"wordCount\":880,\"commentCount\":0,\"image\":{\"@id\":\"https:\/\/estudiotarazona.com\/blog\/razon-social-y-marca-que-diferencias-hay\/#primaryimage\"},\"thumbnailUrl\":\"https:\/\/estudiotarazona.com\/blog\/wp-content\/uploads\/2022\/07\/nuevo-468x234-1.png\",\"articleSection\":[\"Derecho de propiedad intelectual\"],\"inLanguage\":\"es\",\"potentialAction\":[{\"@type\":\"CommentAction\",\"name\":\"Comment\",\"target\":[\"https:\/\/estudiotarazona.com\/blog\/razon-social-y-marca-que-diferencias-hay\/#respond\"]}]},{\"@type\":\"WebPage\",\"@id\":\"https:\/\/estudiotarazona.com\/blog\/razon-social-y-marca-que-diferencias-hay\/\",\"url\":\"https:\/\/estudiotarazona.com\/blog\/razon-social-y-marca-que-diferencias-hay\/\",\"name\":\"Raz\u00f3n social y marca \u00bfQu\u00e9 diferencias hay?\",\"isPartOf\":{\"@id\":\"https:\/\/estudiotarazona.com\/blog\/#website\"},\"primaryImageOfPage\":{\"@id\":\"https:\/\/estudiotarazona.com\/blog\/razon-social-y-marca-que-diferencias-hay\/#primaryimage\"},\"image\":{\"@id\":\"https:\/\/estudiotarazona.com\/blog\/razon-social-y-marca-que-diferencias-hay\/#primaryimage\"},\"thumbnailUrl\":\"https:\/\/estudiotarazona.com\/blog\/wp-content\/uploads\/2022\/07\/nuevo-468x234-1.png\",\"datePublished\":\"2022-07-12T23:21:45+00:00\",\"dateModified\":\"2022-08-11T19:50:09+00:00\",\"author\":{\"@id\":\"https:\/\/estudiotarazona.com\/blog\/#\/schema\/person\/5616f02b9b737fbf567a6360978f6498\"},\"description\":\"Raz\u00f3n social y marca \u00bfQu\u00e9 diferencias hay? en este articulo te contamos todo lo que necesitas saber al respecto\",\"breadcrumb\":{\"@id\":\"https:\/\/estudiotarazona.com\/blog\/razon-social-y-marca-que-diferencias-hay\/#breadcrumb\"},\"inLanguage\":\"es\",\"potentialAction\":[{\"@type\":\"ReadAction\",\"target\":[\"https:\/\/estudiotarazona.com\/blog\/razon-social-y-marca-que-diferencias-hay\/\"]}]},{\"@type\":\"ImageObject\",\"inLanguage\":\"es\",\"@id\":\"https:\/\/estudiotarazona.com\/blog\/razon-social-y-marca-que-diferencias-hay\/#primaryimage\",\"url\":\"https:\/\/estudiotarazona.com\/blog\/wp-content\/uploads\/2022\/07\/nuevo-468x234-1.png\",\"contentUrl\":\"https:\/\/estudiotarazona.com\/blog\/wp-content\/uploads\/2022\/07\/nuevo-468x234-1.png\",\"width\":468,\"height\":234},{\"@type\":\"BreadcrumbList\",\"@id\":\"https:\/\/estudiotarazona.com\/blog\/razon-social-y-marca-que-diferencias-hay\/#breadcrumb\",\"itemListElement\":[{\"@type\":\"ListItem\",\"position\":1,\"name\":\"Portada\",\"item\":\"https:\/\/estudiotarazona.com\/blog\/\"},{\"@type\":\"ListItem\",\"position\":2,\"name\":\"Raz\u00f3n social y marca \u00bfQu\u00e9 diferencias hay?\"}]},{\"@type\":\"WebSite\",\"@id\":\"https:\/\/estudiotarazona.com\/blog\/#website\",\"url\":\"https:\/\/estudiotarazona.com\/blog\/\",\"name\":\"Estudio Jur\u00eddico Tarazona &amp; Asociados\",\"description\":\"Blog\",\"potentialAction\":[{\"@type\":\"SearchAction\",\"target\":{\"@type\":\"EntryPoint\",\"urlTemplate\":\"https:\/\/estudiotarazona.com\/blog\/?s={search_term_string}\"},\"query-input\":{\"@type\":\"PropertyValueSpecification\",\"valueRequired\":true,\"valueName\":\"search_term_string\"}}],\"inLanguage\":\"es\"},{\"@type\":\"Person\",\"@id\":\"https:\/\/estudiotarazona.com\/blog\/#\/schema\/person\/5616f02b9b737fbf567a6360978f6498\",\"name\":\"administracion@tarazonaabogados.com\",\"image\":{\"@type\":\"ImageObject\",\"inLanguage\":\"es\",\"@id\":\"https:\/\/estudiotarazona.com\/blog\/#\/schema\/person\/image\/\",\"url\":\"https:\/\/secure.gravatar.com\/avatar\/023f121de2f01f1538ca242fbda217cb2425e9ab19465a8048ceb513e97a139a?s=96&d=mm&r=g\",\"contentUrl\":\"https:\/\/secure.gravatar.com\/avatar\/023f121de2f01f1538ca242fbda217cb2425e9ab19465a8048ceb513e97a139a?s=96&d=mm&r=g\",\"caption\":\"administracion@tarazonaabogados.com\"},\"sameAs\":[\"https:\/\/estudiotarazona.com\/blog\"],\"url\":\"https:\/\/estudiotarazona.com\/blog\/author\/administraciontarazonaabogados-com\/\"}]}<\/script>\n<!-- \/ Yoast SEO plugin. -->","yoast_head_json":{"title":"Raz\u00f3n social y marca \u00bfQu\u00e9 diferencias hay?","description":"Raz\u00f3n social y marca \u00bfQu\u00e9 diferencias hay? en este articulo te contamos todo lo que necesitas saber al respecto","robots":{"index":"index","follow":"follow","max-snippet":"max-snippet:-1","max-image-preview":"max-image-preview:large","max-video-preview":"max-video-preview:-1"},"canonical":"https:\/\/estudiotarazona.com\/blog\/razon-social-y-marca-que-diferencias-hay\/","og_locale":"es_ES","og_type":"article","og_title":"Raz\u00f3n social y marca \u00bfQu\u00e9 diferencias hay?","og_description":"Raz\u00f3n social y marca \u00bfQu\u00e9 diferencias hay? en este articulo te contamos todo lo que necesitas saber al respecto","og_url":"https:\/\/estudiotarazona.com\/blog\/razon-social-y-marca-que-diferencias-hay\/","og_site_name":"Estudio Jur\u00eddico Tarazona &amp; Asociados","article_published_time":"2022-07-12T23:21:45+00:00","article_modified_time":"2022-08-11T19:50:09+00:00","og_image":[{"width":468,"height":234,"url":"https:\/\/estudiotarazona.com\/blog\/wp-content\/uploads\/2022\/07\/nuevo-468x234-1.png","type":"image\/png"}],"author":"administracion@tarazonaabogados.com","twitter_card":"summary_large_image","twitter_misc":{"Escrito por":"administracion@tarazonaabogados.com","Tiempo de lectura":"5 minutos"},"schema":{"@context":"https:\/\/schema.org","@graph":[{"@type":"Article","@id":"https:\/\/estudiotarazona.com\/blog\/razon-social-y-marca-que-diferencias-hay\/#article","isPartOf":{"@id":"https:\/\/estudiotarazona.com\/blog\/razon-social-y-marca-que-diferencias-hay\/"},"author":{"name":"administracion@tarazonaabogados.com","@id":"https:\/\/estudiotarazona.com\/blog\/#\/schema\/person\/5616f02b9b737fbf567a6360978f6498"},"headline":"Raz\u00f3n social y marca \u00bfQu\u00e9 diferencias hay?","datePublished":"2022-07-12T23:21:45+00:00","dateModified":"2022-08-11T19:50:09+00:00","mainEntityOfPage":{"@id":"https:\/\/estudiotarazona.com\/blog\/razon-social-y-marca-que-diferencias-hay\/"},"wordCount":880,"commentCount":0,"image":{"@id":"https:\/\/estudiotarazona.com\/blog\/razon-social-y-marca-que-diferencias-hay\/#primaryimage"},"thumbnailUrl":"https:\/\/estudiotarazona.com\/blog\/wp-content\/uploads\/2022\/07\/nuevo-468x234-1.png","articleSection":["Derecho de propiedad intelectual"],"inLanguage":"es","potentialAction":[{"@type":"CommentAction","name":"Comment","target":["https:\/\/estudiotarazona.com\/blog\/razon-social-y-marca-que-diferencias-hay\/#respond"]}]},{"@type":"WebPage","@id":"https:\/\/estudiotarazona.com\/blog\/razon-social-y-marca-que-diferencias-hay\/","url":"https:\/\/estudiotarazona.com\/blog\/razon-social-y-marca-que-diferencias-hay\/","name":"Raz\u00f3n social y marca \u00bfQu\u00e9 diferencias hay?","isPartOf":{"@id":"https:\/\/estudiotarazona.com\/blog\/#website"},"primaryImageOfPage":{"@id":"https:\/\/estudiotarazona.com\/blog\/razon-social-y-marca-que-diferencias-hay\/#primaryimage"},"image":{"@id":"https:\/\/estudiotarazona.com\/blog\/razon-social-y-marca-que-diferencias-hay\/#primaryimage"},"thumbnailUrl":"https:\/\/estudiotarazona.com\/blog\/wp-content\/uploads\/2022\/07\/nuevo-468x234-1.png","datePublished":"2022-07-12T23:21:45+00:00","dateModified":"2022-08-11T19:50:09+00:00","author":{"@id":"https:\/\/estudiotarazona.com\/blog\/#\/schema\/person\/5616f02b9b737fbf567a6360978f6498"},"description":"Raz\u00f3n social y marca \u00bfQu\u00e9 diferencias hay? en este articulo te contamos todo lo que necesitas saber al respecto","breadcrumb":{"@id":"https:\/\/estudiotarazona.com\/blog\/razon-social-y-marca-que-diferencias-hay\/#breadcrumb"},"inLanguage":"es","potentialAction":[{"@type":"ReadAction","target":["https:\/\/estudiotarazona.com\/blog\/razon-social-y-marca-que-diferencias-hay\/"]}]},{"@type":"ImageObject","inLanguage":"es","@id":"https:\/\/estudiotarazona.com\/blog\/razon-social-y-marca-que-diferencias-hay\/#primaryimage","url":"https:\/\/estudiotarazona.com\/blog\/wp-content\/uploads\/2022\/07\/nuevo-468x234-1.png","contentUrl":"https:\/\/estudiotarazona.com\/blog\/wp-content\/uploads\/2022\/07\/nuevo-468x234-1.png","width":468,"height":234},{"@type":"BreadcrumbList","@id":"https:\/\/estudiotarazona.com\/blog\/razon-social-y-marca-que-diferencias-hay\/#breadcrumb","itemListElement":[{"@type":"ListItem","position":1,"name":"Portada","item":"https:\/\/estudiotarazona.com\/blog\/"},{"@type":"ListItem","position":2,"name":"Raz\u00f3n social y marca \u00bfQu\u00e9 diferencias hay?"}]},{"@type":"WebSite","@id":"https:\/\/estudiotarazona.com\/blog\/#website","url":"https:\/\/estudiotarazona.com\/blog\/","name":"Estudio Jur\u00eddico Tarazona &amp; Asociados","description":"Blog","potentialAction":[{"@type":"SearchAction","target":{"@type":"EntryPoint","urlTemplate":"https:\/\/estudiotarazona.com\/blog\/?s={search_term_string}"},"query-input":{"@type":"PropertyValueSpecification","valueRequired":true,"valueName":"search_term_string"}}],"inLanguage":"es"},{"@type":"Person","@id":"https:\/\/estudiotarazona.com\/blog\/#\/schema\/person\/5616f02b9b737fbf567a6360978f6498","name":"administracion@tarazonaabogados.com","image":{"@type":"ImageObject","inLanguage":"es","@id":"https:\/\/estudiotarazona.com\/blog\/#\/schema\/person\/image\/","url":"https:\/\/secure.gravatar.com\/avatar\/023f121de2f01f1538ca242fbda217cb2425e9ab19465a8048ceb513e97a139a?s=96&d=mm&r=g","contentUrl":"https:\/\/secure.gravatar.com\/avatar\/023f121de2f01f1538ca242fbda217cb2425e9ab19465a8048ceb513e97a139a?s=96&d=mm&r=g","caption":"administracion@tarazonaabogados.com"},"sameAs":["https:\/\/estudiotarazona.com\/blog"],"url":"https:\/\/estudiotarazona.com\/blog\/author\/administraciontarazonaabogados-com\/"}]}},"_links":{"self":[{"href":"https:\/\/estudiotarazona.com\/blog\/wp-json\/wp\/v2\/posts\/126","targetHints":{"allow":["GET"]}}],"collection":[{"href":"https:\/\/estudiotarazona.com\/blog\/wp-json\/wp\/v2\/posts"}],"about":[{"href":"https:\/\/estudiotarazona.com\/blog\/wp-json\/wp\/v2\/types\/post"}],"author":[{"embeddable":true,"href":"https:\/\/estudiotarazona.com\/blog\/wp-json\/wp\/v2\/users\/1"}],"replies":[{"embeddable":true,"href":"https:\/\/estudiotarazona.com\/blog\/wp-json\/wp\/v2\/comments?post=126"}],"version-history":[{"count":2,"href":"https:\/\/estudiotarazona.com\/blog\/wp-json\/wp\/v2\/posts\/126\/revisions"}],"predecessor-version":[{"id":446,"href":"https:\/\/estudiotarazona.com\/blog\/wp-json\/wp\/v2\/posts\/126\/revisions\/446"}],"wp:featuredmedia":[{"embeddable":true,"href":"https:\/\/estudiotarazona.com\/blog\/wp-json\/wp\/v2\/media\/129"}],"wp:attachment":[{"href":"https:\/\/estudiotarazona.com\/blog\/wp-json\/wp\/v2\/media?parent=126"}],"wp:term":[{"taxonomy":"category","embeddable":true,"href":"https:\/\/estudiotarazona.com\/blog\/wp-json\/wp\/v2\/categories?post=126"},{"taxonomy":"post_tag","embeddable":true,"href":"https:\/\/estudiotarazona.com\/blog\/wp-json\/wp\/v2\/tags?post=126"}],"curies":[{"name":"wp","href":"https:\/\/api.w.org\/{rel}","templated":true}]}}